{"id":14088,"date":"2025-03-09T10:33:19","date_gmt":"2025-03-09T09:33:19","guid":{"rendered":"https:\/\/wgphoto.pl\/t\/?p=14088"},"modified":"2025-03-09T10:33:19","modified_gmt":"2025-03-09T09:33:19","slug":"morawski-piasek","status":"publish","type":"post","link":"https:\/\/wgphoto.pl\/t\/?p=14088","title":{"rendered":"Morawski Piasek"},"content":{"rendered":"\n<figure class=\"wp-block-image aligncenter size-full\"><img loading=\"lazy\" decoding=\"async\" width=\"1200\" height=\"800\" src=\"https:\/\/wgphoto.pl\/t\/wp-content\/uploads\/2025\/03\/IMGP4648.jpg\" alt=\"\" class=\"wp-image-14089\" srcset=\"https:\/\/wgphoto.pl\/t\/wp-content\/uploads\/2025\/03\/IMGP4648.jpg 1200w, https:\/\/wgphoto.pl\/t\/wp-content\/uploads\/2025\/03\/IMGP4648-300x200.jpg 300w, https:\/\/wgphoto.pl\/t\/wp-content\/uploads\/2025\/03\/IMGP4648-768x512.jpg 768w\" sizes=\"auto, (max-width: 1200px) 100vw, 1200px\" \/><\/figure>\n\n\n\n<div class=\"wp-block-group has-global-padding is-layout-constrained wp-block-group-is-layout-constrained\">\n<p>Na stacji Moravsk\u00fd P\u00edsek zatrzymuje si\u0119 rychlik 810 relacji Olomouc hl.n. &#8211; Brno hl.n. przez B\u0159eclav, gdzie nast\u0119puje zmiana czo\u0142a &#8211; st\u0105d te\u017c wagon sterowniczy w sk\u0142adzie. Przy s\u0105siednim peronie oczekuje na pasa\u017cer\u00f3w 810 336-1 jako poci\u0105g osobowy 24146 do stacji Bzenec. Motorak odjedzie dopiero za 20 minut &#8211; po przyje\u017adzie poci\u0105gu z kierunku przeciwnego, kt\u00f3ry zatrzyma si\u0119 po prawej stronie przy peronie wyspowym o bezkolizyjnym doj\u015bciu. Ze wzgl\u0119du na konieczno\u015b\u0107 pokonania przej\u015bcia podziemnego na przesiadk\u0119 przewidziane zostan\u0105 4 minuty. Skomunikowania w konfiguracji widocznej na zdj\u0119ciu &#8211; lecz z poci\u0105gami osobowymi, kursuj\u0105cymi co &#8222;te drugie&#8221; dwie godziny na przemian z rychlikami &#8211; trwaj\u0105 tylko 3 minuty. 14.07.2013<\/p>\n<\/div>\n","protected":false},"excerpt":{"rendered":"<p>Na stacji Moravsk\u00fd P\u00edsek zatrzymuje si\u0119 rychlik 810 relacji Olomouc hl.n. &#8211; Brno hl.n. przez B\u0159eclav, gdzie nast\u0119puje zmiana czo\u0142a &#8211; st\u0105d te\u017c wagon sterowniczy w sk\u0142adzie. Przy s\u0105siednim peronie oczekuje na pasa\u017cer\u00f3w 810 336-1 jako poci\u0105g osobowy 24146 do stacji Bzenec. Motorak odjedzie dopiero za 20 minut &#8211; po przyje\u017adzie poci\u0105gu z kierunku przeciwnego, [&hellip;]<\/p>\n","protected":false},"author":1,"featured_media":14089,"comment_status":"open","ping_status":"","sticky":false,"template":"","format":"standard","meta":{"footnotes":""},"categories":[2,55],"tags":[2831,92,50,49,230,3414,1540,2413,1869],"class_list":["post-14088","post","type-post","status-publish","format-standard","has-post-thumbnail","hentry","category-kolej","category-rok-2013","tag-2013-07-14","tag-92","tag-cd","tag-czechy","tag-infrastruktura","tag-moravsky-pisek","tag-tab-cz330","tag-tab-cz342","tag-wagon-sterowniczy"],"_links":{"self":[{"href":"https:\/\/wgphoto.pl\/t\/index.php?rest_route=\/wp\/v2\/posts\/14088","targetHints":{"allow":["GET"]}}],"collection":[{"href":"https:\/\/wgphoto.pl\/t\/index.php?rest_route=\/wp\/v2\/posts"}],"about":[{"href":"https:\/\/wgphoto.pl\/t\/index.php?rest_route=\/wp\/v2\/types\/post"}],"author":[{"embeddable":true,"href":"https:\/\/wgphoto.pl\/t\/index.php?rest_route=\/wp\/v2\/users\/1"}],"replies":[{"embeddable":true,"href":"https:\/\/wgphoto.pl\/t\/index.php?rest_route=%2Fwp%2Fv2%2Fcomments&post=14088"}],"version-history":[{"count":1,"href":"https:\/\/wgphoto.pl\/t\/index.php?rest_route=\/wp\/v2\/posts\/14088\/revisions"}],"predecessor-version":[{"id":14090,"href":"https:\/\/wgphoto.pl\/t\/index.php?rest_route=\/wp\/v2\/posts\/14088\/revisions\/14090"}],"wp:featuredmedia":[{"embeddable":true,"href":"https:\/\/wgphoto.pl\/t\/index.php?rest_route=\/wp\/v2\/media\/14089"}],"wp:attachment":[{"href":"https:\/\/wgphoto.pl\/t\/index.php?rest_route=%2Fwp%2Fv2%2Fmedia&parent=14088"}],"wp:term":[{"taxonomy":"category","embeddable":true,"href":"https:\/\/wgphoto.pl\/t\/index.php?rest_route=%2Fwp%2Fv2%2Fcategories&post=14088"},{"taxonomy":"post_tag","embeddable":true,"href":"https:\/\/wgphoto.pl\/t\/index.php?rest_route=%2Fwp%2Fv2%2Ftags&post=14088"}],"curies":[{"name":"wp","href":"https:\/\/api.w.org\/{rel}","templated":true}]}}