{"id":14103,"date":"2025-03-09T10:37:35","date_gmt":"2025-03-09T09:37:35","guid":{"rendered":"https:\/\/wgphoto.pl\/t\/?p=14103"},"modified":"2025-03-09T10:37:35","modified_gmt":"2025-03-09T09:37:35","slug":"szczyt-przewozowy","status":"publish","type":"post","link":"https:\/\/wgphoto.pl\/t\/?p=14103","title":{"rendered":"Szczyt przewozowy"},"content":{"rendered":"\n<figure class=\"wp-block-image aligncenter size-full\"><img loading=\"lazy\" decoding=\"async\" width=\"1200\" height=\"800\" src=\"https:\/\/wgphoto.pl\/t\/wp-content\/uploads\/2025\/03\/IMGP5721.jpg\" alt=\"\" class=\"wp-image-14104\" srcset=\"https:\/\/wgphoto.pl\/t\/wp-content\/uploads\/2025\/03\/IMGP5721.jpg 1200w, https:\/\/wgphoto.pl\/t\/wp-content\/uploads\/2025\/03\/IMGP5721-300x200.jpg 300w, https:\/\/wgphoto.pl\/t\/wp-content\/uploads\/2025\/03\/IMGP5721-768x512.jpg 768w\" sizes=\"auto, (max-width: 1200px) 100vw, 1200px\" \/><\/figure>\n\n\n\n<div class=\"wp-block-group has-global-padding is-layout-constrained wp-block-group-is-layout-constrained\">\n<p>Poci\u0105g osobowy 20224 z \u010castolovic do Solnic odbywa 13-minutowy post\u00f3j w Rychnov\u011b nad Kn\u011b\u017enou, w czasie kt\u00f3rego od\u0142\u0105czona zostanie regionova wybieraj\u0105ca si\u0119 zaraz w kurs powrotny do \u010castolovic. 2009-05-12<\/p>\n<\/div>\n","protected":false},"excerpt":{"rendered":"<p>Poci\u0105g osobowy 20224 z \u010castolovic do Solnic odbywa 13-minutowy post\u00f3j w Rychnov\u011b nad Kn\u011b\u017enou, w czasie kt\u00f3rego od\u0142\u0105czona zostanie regionova wybieraj\u0105ca si\u0119 zaraz w kurs powrotny do \u010castolovic. 2009-05-12<\/p>\n","protected":false},"author":1,"featured_media":14104,"comment_status":"open","ping_status":"","sticky":false,"template":"","format":"standard","meta":{"footnotes":""},"categories":[2,169],"tags":[2700,211,50,49,196,3415,1841],"class_list":["post-14103","post","type-post","status-publish","format-standard","has-post-thumbnail","hentry","category-kolej","category-rok-2009","tag-2009-05-12","tag-211","tag-cd","tag-czechy","tag-linie-raczej-lokalne","tag-rychnov-nad-kneznou","tag-tab-cz021"],"_links":{"self":[{"href":"https:\/\/wgphoto.pl\/t\/index.php?rest_route=\/wp\/v2\/posts\/14103","targetHints":{"allow":["GET"]}}],"collection":[{"href":"https:\/\/wgphoto.pl\/t\/index.php?rest_route=\/wp\/v2\/posts"}],"about":[{"href":"https:\/\/wgphoto.pl\/t\/index.php?rest_route=\/wp\/v2\/types\/post"}],"author":[{"embeddable":true,"href":"https:\/\/wgphoto.pl\/t\/index.php?rest_route=\/wp\/v2\/users\/1"}],"replies":[{"embeddable":true,"href":"https:\/\/wgphoto.pl\/t\/index.php?rest_route=%2Fwp%2Fv2%2Fcomments&post=14103"}],"version-history":[{"count":1,"href":"https:\/\/wgphoto.pl\/t\/index.php?rest_route=\/wp\/v2\/posts\/14103\/revisions"}],"predecessor-version":[{"id":14105,"href":"https:\/\/wgphoto.pl\/t\/index.php?rest_route=\/wp\/v2\/posts\/14103\/revisions\/14105"}],"wp:featuredmedia":[{"embeddable":true,"href":"https:\/\/wgphoto.pl\/t\/index.php?rest_route=\/wp\/v2\/media\/14104"}],"wp:attachment":[{"href":"https:\/\/wgphoto.pl\/t\/index.php?rest_route=%2Fwp%2Fv2%2Fmedia&parent=14103"}],"wp:term":[{"taxonomy":"category","embeddable":true,"href":"https:\/\/wgphoto.pl\/t\/index.php?rest_route=%2Fwp%2Fv2%2Fcategories&post=14103"},{"taxonomy":"post_tag","embeddable":true,"href":"https:\/\/wgphoto.pl\/t\/index.php?rest_route=%2Fwp%2Fv2%2Ftags&post=14103"}],"curies":[{"name":"wp","href":"https:\/\/api.w.org\/{rel}","templated":true}]}}