{"id":14106,"date":"2025-03-09T10:38:23","date_gmt":"2025-03-09T09:38:23","guid":{"rendered":"https:\/\/wgphoto.pl\/t\/?p=14106"},"modified":"2025-03-09T10:38:23","modified_gmt":"2025-03-09T09:38:23","slug":"z-drugiej-strony","status":"publish","type":"post","link":"https:\/\/wgphoto.pl\/t\/?p=14106","title":{"rendered":"Z drugiej strony"},"content":{"rendered":"\n<figure class=\"wp-block-image aligncenter size-full\"><img loading=\"lazy\" decoding=\"async\" width=\"1200\" height=\"800\" src=\"https:\/\/wgphoto.pl\/t\/wp-content\/uploads\/2025\/03\/IMGP5725.jpg\" alt=\"\" class=\"wp-image-14107\" srcset=\"https:\/\/wgphoto.pl\/t\/wp-content\/uploads\/2025\/03\/IMGP5725.jpg 1200w, https:\/\/wgphoto.pl\/t\/wp-content\/uploads\/2025\/03\/IMGP5725-300x200.jpg 300w, https:\/\/wgphoto.pl\/t\/wp-content\/uploads\/2025\/03\/IMGP5725-768x512.jpg 768w\" sizes=\"auto, (max-width: 1200px) 100vw, 1200px\" \/><\/figure>\n\n\n\n<div class=\"wp-block-group has-global-padding is-layout-constrained wp-block-group-is-layout-constrained\">\n<p>Po odje\u017adzie regionovy na stacji pozosta\u0142 motorak z doczep\u0105, kt\u00f3ry za par\u0119 minut odjedzie do Solnic. Dwuwagonowy sk\u0142ad jest pe\u0142en ludzi jad\u0105cych na drug\u0105 zmian\u0119 do fabryki \u0160koda Auto, zlokalizowanej tu\u017c przy stacji ko\u0144cowej. Rozk\u0142ad jazdy na odcinku Rychnov n. Kn. &#8211; Solnice jest \u015bci\u015ble dostosowany pod dow\u00f3z i odw\u00f3z na\/po godz. 6, 14 i 22. 2009-05-12<\/p>\n<\/div>\n","protected":false},"excerpt":{"rendered":"<p>Po odje\u017adzie regionovy na stacji pozosta\u0142 motorak z doczep\u0105, kt\u00f3ry za par\u0119 minut odjedzie do Solnic. Dwuwagonowy sk\u0142ad jest pe\u0142en ludzi jad\u0105cych na drug\u0105 zmian\u0119 do fabryki \u0160koda Auto, zlokalizowanej tu\u017c przy stacji ko\u0144cowej. Rozk\u0142ad jazdy na odcinku Rychnov n. Kn. &#8211; Solnice jest \u015bci\u015ble dostosowany pod dow\u00f3z i odw\u00f3z na\/po godz. 6, 14 i [&hellip;]<\/p>\n","protected":false},"author":1,"featured_media":14107,"comment_status":"open","ping_status":"","sticky":false,"template":"","format":"standard","meta":{"footnotes":""},"categories":[2,169],"tags":[2700,92,50,49,196,3415,1841],"class_list":["post-14106","post","type-post","status-publish","format-standard","has-post-thumbnail","hentry","category-kolej","category-rok-2009","tag-2009-05-12","tag-92","tag-cd","tag-czechy","tag-linie-raczej-lokalne","tag-rychnov-nad-kneznou","tag-tab-cz021"],"_links":{"self":[{"href":"https:\/\/wgphoto.pl\/t\/index.php?rest_route=\/wp\/v2\/posts\/14106","targetHints":{"allow":["GET"]}}],"collection":[{"href":"https:\/\/wgphoto.pl\/t\/index.php?rest_route=\/wp\/v2\/posts"}],"about":[{"href":"https:\/\/wgphoto.pl\/t\/index.php?rest_route=\/wp\/v2\/types\/post"}],"author":[{"embeddable":true,"href":"https:\/\/wgphoto.pl\/t\/index.php?rest_route=\/wp\/v2\/users\/1"}],"replies":[{"embeddable":true,"href":"https:\/\/wgphoto.pl\/t\/index.php?rest_route=%2Fwp%2Fv2%2Fcomments&post=14106"}],"version-history":[{"count":1,"href":"https:\/\/wgphoto.pl\/t\/index.php?rest_route=\/wp\/v2\/posts\/14106\/revisions"}],"predecessor-version":[{"id":14108,"href":"https:\/\/wgphoto.pl\/t\/index.php?rest_route=\/wp\/v2\/posts\/14106\/revisions\/14108"}],"wp:featuredmedia":[{"embeddable":true,"href":"https:\/\/wgphoto.pl\/t\/index.php?rest_route=\/wp\/v2\/media\/14107"}],"wp:attachment":[{"href":"https:\/\/wgphoto.pl\/t\/index.php?rest_route=%2Fwp%2Fv2%2Fmedia&parent=14106"}],"wp:term":[{"taxonomy":"category","embeddable":true,"href":"https:\/\/wgphoto.pl\/t\/index.php?rest_route=%2Fwp%2Fv2%2Fcategories&post=14106"},{"taxonomy":"post_tag","embeddable":true,"href":"https:\/\/wgphoto.pl\/t\/index.php?rest_route=%2Fwp%2Fv2%2Ftags&post=14106"}],"curies":[{"name":"wp","href":"https:\/\/api.w.org\/{rel}","templated":true}]}}