{"id":14112,"date":"2025-03-09T10:40:13","date_gmt":"2025-03-09T09:40:13","guid":{"rendered":"https:\/\/wgphoto.pl\/t\/?p=14112"},"modified":"2025-03-09T10:40:13","modified_gmt":"2025-03-09T09:40:13","slug":"solnice","status":"publish","type":"post","link":"https:\/\/wgphoto.pl\/t\/?p=14112","title":{"rendered":"Solnice"},"content":{"rendered":"\n<figure class=\"wp-block-image aligncenter size-full\"><img loading=\"lazy\" decoding=\"async\" width=\"1200\" height=\"800\" src=\"https:\/\/wgphoto.pl\/t\/wp-content\/uploads\/2025\/03\/IMGP5730.jpg\" alt=\"\" class=\"wp-image-14114\" srcset=\"https:\/\/wgphoto.pl\/t\/wp-content\/uploads\/2025\/03\/IMGP5730.jpg 1200w, https:\/\/wgphoto.pl\/t\/wp-content\/uploads\/2025\/03\/IMGP5730-300x200.jpg 300w, https:\/\/wgphoto.pl\/t\/wp-content\/uploads\/2025\/03\/IMGP5730-768x512.jpg 768w\" sizes=\"auto, (max-width: 1200px) 100vw, 1200px\" \/><\/figure>\n\n\n\n<div class=\"wp-block-group has-global-padding is-layout-constrained wp-block-group-is-layout-constrained\">\n<p>Motorak 810 326-9 z doczepk\u0105 serii Btax pojad\u0105 jako poc. osob. 20227 do \u010castolovic. Tutejsza stacja najwyra\u017aniej zosta\u0142a poddana w ostatnich latach modernizacji. Zar\u00f3wno do\u015b\u0107 dziwny uk\u0142ad torowy (motorak musia\u0142 niez\u0142e akrobacje wyczynia\u0107 podczas oblotu doczepy) jak i rozk\u0142ad jazdy (wspomniany ostatnio dow\u00f3z i odw\u00f3z na dwie lub trzy zmiany) podporz\u0105dkowano fabryce \u0160kody, znajduj\u0105cej si\u0119 za plecami fotografa. W RJ 2009 doje\u017cd\u017ca\u0142o tutaj 7 par poci\u0105g\u00f3w, z czego w soboty dwie, a w niedziele tylko jedna. 2009-05-12<\/p>\n<\/div>\n","protected":false},"excerpt":{"rendered":"<p>Motorak 810 326-9 z doczepk\u0105 serii Btax pojad\u0105 jako poc. osob. 20227 do \u010castolovic. Tutejsza stacja najwyra\u017aniej zosta\u0142a poddana w ostatnich latach modernizacji. Zar\u00f3wno do\u015b\u0107 dziwny uk\u0142ad torowy (motorak musia\u0142 niez\u0142e akrobacje wyczynia\u0107 podczas oblotu doczepy) jak i rozk\u0142ad jazdy (wspomniany ostatnio dow\u00f3z i odw\u00f3z na dwie lub trzy zmiany) podporz\u0105dkowano fabryce \u0160kody, znajduj\u0105cej si\u0119 [&hellip;]<\/p>\n","protected":false},"author":1,"featured_media":14114,"comment_status":"open","ping_status":"","sticky":false,"template":"","format":"standard","meta":{"footnotes":""},"categories":[2,169],"tags":[2700,92,50,49,94,3417,1841],"class_list":["post-14112","post","type-post","status-publish","format-standard","has-post-thumbnail","hentry","category-kolej","category-rok-2009","tag-2009-05-12","tag-92","tag-cd","tag-czechy","tag-na-kolejowym-koncu-swiata","tag-solnice","tag-tab-cz021"],"_links":{"self":[{"href":"https:\/\/wgphoto.pl\/t\/index.php?rest_route=\/wp\/v2\/posts\/14112","targetHints":{"allow":["GET"]}}],"collection":[{"href":"https:\/\/wgphoto.pl\/t\/index.php?rest_route=\/wp\/v2\/posts"}],"about":[{"href":"https:\/\/wgphoto.pl\/t\/index.php?rest_route=\/wp\/v2\/types\/post"}],"author":[{"embeddable":true,"href":"https:\/\/wgphoto.pl\/t\/index.php?rest_route=\/wp\/v2\/users\/1"}],"replies":[{"embeddable":true,"href":"https:\/\/wgphoto.pl\/t\/index.php?rest_route=%2Fwp%2Fv2%2Fcomments&post=14112"}],"version-history":[{"count":1,"href":"https:\/\/wgphoto.pl\/t\/index.php?rest_route=\/wp\/v2\/posts\/14112\/revisions"}],"predecessor-version":[{"id":14115,"href":"https:\/\/wgphoto.pl\/t\/index.php?rest_route=\/wp\/v2\/posts\/14112\/revisions\/14115"}],"wp:featuredmedia":[{"embeddable":true,"href":"https:\/\/wgphoto.pl\/t\/index.php?rest_route=\/wp\/v2\/media\/14114"}],"wp:attachment":[{"href":"https:\/\/wgphoto.pl\/t\/index.php?rest_route=%2Fwp%2Fv2%2Fmedia&parent=14112"}],"wp:term":[{"taxonomy":"category","embeddable":true,"href":"https:\/\/wgphoto.pl\/t\/index.php?rest_route=%2Fwp%2Fv2%2Fcategories&post=14112"},{"taxonomy":"post_tag","embeddable":true,"href":"https:\/\/wgphoto.pl\/t\/index.php?rest_route=%2Fwp%2Fv2%2Ftags&post=14112"}],"curies":[{"name":"wp","href":"https:\/\/api.w.org\/{rel}","templated":true}]}}