{"id":14116,"date":"2025-03-09T10:41:11","date_gmt":"2025-03-09T09:41:11","guid":{"rendered":"https:\/\/wgphoto.pl\/t\/?p=14116"},"modified":"2025-03-09T10:41:11","modified_gmt":"2025-03-09T09:41:11","slug":"pozor-vlak","status":"publish","type":"post","link":"https:\/\/wgphoto.pl\/t\/?p=14116","title":{"rendered":"Pozor vlak"},"content":{"rendered":"\n<figure class=\"wp-block-image aligncenter size-full\"><img loading=\"lazy\" decoding=\"async\" width=\"1300\" height=\"870\" src=\"https:\/\/wgphoto.pl\/t\/wp-content\/uploads\/2025\/03\/IMGP5754.jpg\" alt=\"\" class=\"wp-image-14117\" srcset=\"https:\/\/wgphoto.pl\/t\/wp-content\/uploads\/2025\/03\/IMGP5754.jpg 1300w, https:\/\/wgphoto.pl\/t\/wp-content\/uploads\/2025\/03\/IMGP5754-300x201.jpg 300w, https:\/\/wgphoto.pl\/t\/wp-content\/uploads\/2025\/03\/IMGP5754-768x514.jpg 768w\" sizes=\"auto, (max-width: 1300px) 100vw, 1300px\" \/><\/figure>\n\n\n\n<div class=\"wp-block-group has-global-padding is-layout-constrained wp-block-group-is-layout-constrained\">\n<p>Odcinek Pot\u0161tejn &#8211; Z\u00e1m\u011bl. Poci\u0105g osobowy 15212 relacji Letohrad &#8211; T\u00fdni\u0161t\u011b nad Orlic\u00ed zbli\u017ca si\u0119 do polnego przejazdu, wyposa\u017conego w mechaniczne rogatki sterowane z Pot\u0161tejnu. 2009-05-12<\/p>\n<\/div>\n","protected":false},"excerpt":{"rendered":"<p>Odcinek Pot\u0161tejn &#8211; Z\u00e1m\u011bl. Poci\u0105g osobowy 15212 relacji Letohrad &#8211; T\u00fdni\u0161t\u011b nad Orlic\u00ed zbli\u017ca si\u0119 do polnego przejazdu, wyposa\u017conego w mechaniczne rogatki sterowane z Pot\u0161tejnu. 2009-05-12<\/p>\n","protected":false},"author":1,"featured_media":14117,"comment_status":"open","ping_status":"","sticky":false,"template":"","format":"standard","meta":{"footnotes":""},"categories":[2,169],"tags":[2700,92,50,49,230,2699,1841,3418],"class_list":["post-14116","post","type-post","status-publish","format-standard","has-post-thumbnail","hentry","category-kolej","category-rok-2009","tag-2009-05-12","tag-92","tag-cd","tag-czechy","tag-infrastruktura","tag-potstejn","tag-tab-cz021","tag-zamel"],"_links":{"self":[{"href":"https:\/\/wgphoto.pl\/t\/index.php?rest_route=\/wp\/v2\/posts\/14116","targetHints":{"allow":["GET"]}}],"collection":[{"href":"https:\/\/wgphoto.pl\/t\/index.php?rest_route=\/wp\/v2\/posts"}],"about":[{"href":"https:\/\/wgphoto.pl\/t\/index.php?rest_route=\/wp\/v2\/types\/post"}],"author":[{"embeddable":true,"href":"https:\/\/wgphoto.pl\/t\/index.php?rest_route=\/wp\/v2\/users\/1"}],"replies":[{"embeddable":true,"href":"https:\/\/wgphoto.pl\/t\/index.php?rest_route=%2Fwp%2Fv2%2Fcomments&post=14116"}],"version-history":[{"count":1,"href":"https:\/\/wgphoto.pl\/t\/index.php?rest_route=\/wp\/v2\/posts\/14116\/revisions"}],"predecessor-version":[{"id":14118,"href":"https:\/\/wgphoto.pl\/t\/index.php?rest_route=\/wp\/v2\/posts\/14116\/revisions\/14118"}],"wp:featuredmedia":[{"embeddable":true,"href":"https:\/\/wgphoto.pl\/t\/index.php?rest_route=\/wp\/v2\/media\/14117"}],"wp:attachment":[{"href":"https:\/\/wgphoto.pl\/t\/index.php?rest_route=%2Fwp%2Fv2%2Fmedia&parent=14116"}],"wp:term":[{"taxonomy":"category","embeddable":true,"href":"https:\/\/wgphoto.pl\/t\/index.php?rest_route=%2Fwp%2Fv2%2Fcategories&post=14116"},{"taxonomy":"post_tag","embeddable":true,"href":"https:\/\/wgphoto.pl\/t\/index.php?rest_route=%2Fwp%2Fv2%2Ftags&post=14116"}],"curies":[{"name":"wp","href":"https:\/\/api.w.org\/{rel}","templated":true}]}}