{"id":14122,"date":"2025-03-09T10:44:05","date_gmt":"2025-03-09T09:44:05","guid":{"rendered":"https:\/\/wgphoto.pl\/t\/?p=14122"},"modified":"2025-03-09T10:44:05","modified_gmt":"2025-03-09T09:44:05","slug":"cieplice-nad-metuja-miasto","status":"publish","type":"post","link":"https:\/\/wgphoto.pl\/t\/?p=14122","title":{"rendered":"Cieplice nad Metuj\u0105 Miasto"},"content":{"rendered":"\n<figure class=\"wp-block-image aligncenter size-full\"><img loading=\"lazy\" decoding=\"async\" width=\"1200\" height=\"800\" src=\"https:\/\/wgphoto.pl\/t\/wp-content\/uploads\/2025\/03\/IMGP8587.jpg\" alt=\"\" class=\"wp-image-14123\" srcset=\"https:\/\/wgphoto.pl\/t\/wp-content\/uploads\/2025\/03\/IMGP8587.jpg 1200w, https:\/\/wgphoto.pl\/t\/wp-content\/uploads\/2025\/03\/IMGP8587-300x200.jpg 300w, https:\/\/wgphoto.pl\/t\/wp-content\/uploads\/2025\/03\/IMGP8587-768x512.jpg 768w\" sizes=\"auto, (max-width: 1200px) 100vw, 1200px\" \/><\/figure>\n\n\n\n<div class=\"wp-block-group has-global-padding is-layout-constrained wp-block-group-is-layout-constrained\">\n<p>814.024 jako poci\u0105g osobowy 15776 relacji Teplice nad Metuj\u00ed &#8211; Adr\u0161pach mija bez zatrzymania przystanek na \u017c\u0105danie Teplice nad Metuj\u00ed m\u011bsto. 10.06.2012<\/p>\n<\/div>\n","protected":false},"excerpt":{"rendered":"<p>814.024 jako poci\u0105g osobowy 15776 relacji Teplice nad Metuj\u00ed &#8211; Adr\u0161pach mija bez zatrzymania przystanek na \u017c\u0105danie Teplice nad Metuj\u00ed m\u011bsto. 10.06.2012<\/p>\n","protected":false},"author":1,"featured_media":14123,"comment_status":"open","ping_status":"","sticky":false,"template":"","format":"standard","meta":{"footnotes":""},"categories":[2,46],"tags":[1821,211,50,49,173,196,1822,3419],"class_list":["post-14122","post","type-post","status-publish","format-standard","has-post-thumbnail","hentry","category-kolej","category-rok-2012","tag-2012-06-10","tag-211","tag-cd","tag-czechy","tag-koncowki","tag-linie-raczej-lokalne","tag-tab-cz047","tag-teplice-nad-metuji-mesto"],"_links":{"self":[{"href":"https:\/\/wgphoto.pl\/t\/index.php?rest_route=\/wp\/v2\/posts\/14122","targetHints":{"allow":["GET"]}}],"collection":[{"href":"https:\/\/wgphoto.pl\/t\/index.php?rest_route=\/wp\/v2\/posts"}],"about":[{"href":"https:\/\/wgphoto.pl\/t\/index.php?rest_route=\/wp\/v2\/types\/post"}],"author":[{"embeddable":true,"href":"https:\/\/wgphoto.pl\/t\/index.php?rest_route=\/wp\/v2\/users\/1"}],"replies":[{"embeddable":true,"href":"https:\/\/wgphoto.pl\/t\/index.php?rest_route=%2Fwp%2Fv2%2Fcomments&post=14122"}],"version-history":[{"count":1,"href":"https:\/\/wgphoto.pl\/t\/index.php?rest_route=\/wp\/v2\/posts\/14122\/revisions"}],"predecessor-version":[{"id":14124,"href":"https:\/\/wgphoto.pl\/t\/index.php?rest_route=\/wp\/v2\/posts\/14122\/revisions\/14124"}],"wp:featuredmedia":[{"embeddable":true,"href":"https:\/\/wgphoto.pl\/t\/index.php?rest_route=\/wp\/v2\/media\/14123"}],"wp:attachment":[{"href":"https:\/\/wgphoto.pl\/t\/index.php?rest_route=%2Fwp%2Fv2%2Fmedia&parent=14122"}],"wp:term":[{"taxonomy":"category","embeddable":true,"href":"https:\/\/wgphoto.pl\/t\/index.php?rest_route=%2Fwp%2Fv2%2Fcategories&post=14122"},{"taxonomy":"post_tag","embeddable":true,"href":"https:\/\/wgphoto.pl\/t\/index.php?rest_route=%2Fwp%2Fv2%2Ftags&post=14122"}],"curies":[{"name":"wp","href":"https:\/\/api.w.org\/{rel}","templated":true}]}}