{"id":14128,"date":"2025-03-09T10:46:09","date_gmt":"2025-03-09T09:46:09","guid":{"rendered":"https:\/\/wgphoto.pl\/t\/?p=14128"},"modified":"2025-03-09T10:46:09","modified_gmt":"2025-03-09T09:46:09","slug":"niezaplanowany-wymiar-historyczny","status":"publish","type":"post","link":"https:\/\/wgphoto.pl\/t\/?p=14128","title":{"rendered":"Niezaplanowany wymiar historyczny"},"content":{"rendered":"\n<figure class=\"wp-block-image aligncenter size-full\"><img loading=\"lazy\" decoding=\"async\" width=\"1200\" height=\"800\" src=\"https:\/\/wgphoto.pl\/t\/wp-content\/uploads\/2025\/03\/IMGP9295.jpg\" alt=\"\" class=\"wp-image-14129\" srcset=\"https:\/\/wgphoto.pl\/t\/wp-content\/uploads\/2025\/03\/IMGP9295.jpg 1200w, https:\/\/wgphoto.pl\/t\/wp-content\/uploads\/2025\/03\/IMGP9295-300x200.jpg 300w, https:\/\/wgphoto.pl\/t\/wp-content\/uploads\/2025\/03\/IMGP9295-768x512.jpg 768w\" sizes=\"auto, (max-width: 1200px) 100vw, 1200px\" \/><\/figure>\n\n\n\n<div class=\"wp-block-group has-global-padding is-layout-constrained wp-block-group-is-layout-constrained\">\n<p>Poci\u0105g osobowy 7016 relacji Kl\u00e1\u0161terec nad Oh\u0159\u00ed &#8211; Cheb zatrzyma\u0142 si\u0119 na kilka minut na stacji Karlovy Vary, gdzie do zabytkowej wiaty, czy te\u017c hali peronowej, przylega powojenny budynek. Szukaj\u0105c informacji na jego temat przy okazji pisania tego opisu dowiedzia\u0142em si\u0119, \u017ce 19 wrze\u015bnia 2015 roku budynek zosta\u0142 zamkni\u0119ty i rozpocz\u0119to jego wyburzanie. Na jego miejscu stanie nowoczesna konstrukcja ze stali i szk\u0142a odpowiadaj\u0105ca standardom XXI wieku. Widoczna wiata ma zosta\u0107 cz\u0119\u015bciowo wkomponowana w now\u0105 budowl\u0119, pozosta\u0142a jej cz\u0119\u015b\u0107 trafi za\u015b do muzeum. 2009-09-07<\/p>\n<\/div>\n","protected":false},"excerpt":{"rendered":"<p>Poci\u0105g osobowy 7016 relacji Kl\u00e1\u0161terec nad Oh\u0159\u00ed &#8211; Cheb zatrzyma\u0142 si\u0119 na kilka minut na stacji Karlovy Vary, gdzie do zabytkowej wiaty, czy te\u017c hali peronowej, przylega powojenny budynek. Szukaj\u0105c informacji na jego temat przy okazji pisania tego opisu dowiedzia\u0142em si\u0119, \u017ce 19 wrze\u015bnia 2015 roku budynek zosta\u0142 zamkni\u0119ty i rozpocz\u0119to jego wyburzanie. Na jego [&hellip;]<\/p>\n","protected":false},"author":1,"featured_media":14129,"comment_status":"open","ping_status":"","sticky":false,"template":"","format":"standard","meta":{"footnotes":""},"categories":[2,169],"tags":[1468,305,50,49,179,3422,421],"class_list":["post-14128","post","type-post","status-publish","format-standard","has-post-thumbnail","hentry","category-kolej","category-rok-2009","tag-2009-09-07","tag-305","tag-cd","tag-czechy","tag-hala-peronowa","tag-karlovy-vary","tag-tab-cz140"],"_links":{"self":[{"href":"https:\/\/wgphoto.pl\/t\/index.php?rest_route=\/wp\/v2\/posts\/14128","targetHints":{"allow":["GET"]}}],"collection":[{"href":"https:\/\/wgphoto.pl\/t\/index.php?rest_route=\/wp\/v2\/posts"}],"about":[{"href":"https:\/\/wgphoto.pl\/t\/index.php?rest_route=\/wp\/v2\/types\/post"}],"author":[{"embeddable":true,"href":"https:\/\/wgphoto.pl\/t\/index.php?rest_route=\/wp\/v2\/users\/1"}],"replies":[{"embeddable":true,"href":"https:\/\/wgphoto.pl\/t\/index.php?rest_route=%2Fwp%2Fv2%2Fcomments&post=14128"}],"version-history":[{"count":1,"href":"https:\/\/wgphoto.pl\/t\/index.php?rest_route=\/wp\/v2\/posts\/14128\/revisions"}],"predecessor-version":[{"id":14130,"href":"https:\/\/wgphoto.pl\/t\/index.php?rest_route=\/wp\/v2\/posts\/14128\/revisions\/14130"}],"wp:featuredmedia":[{"embeddable":true,"href":"https:\/\/wgphoto.pl\/t\/index.php?rest_route=\/wp\/v2\/media\/14129"}],"wp:attachment":[{"href":"https:\/\/wgphoto.pl\/t\/index.php?rest_route=%2Fwp%2Fv2%2Fmedia&parent=14128"}],"wp:term":[{"taxonomy":"category","embeddable":true,"href":"https:\/\/wgphoto.pl\/t\/index.php?rest_route=%2Fwp%2Fv2%2Fcategories&post=14128"},{"taxonomy":"post_tag","embeddable":true,"href":"https:\/\/wgphoto.pl\/t\/index.php?rest_route=%2Fwp%2Fv2%2Ftags&post=14128"}],"curies":[{"name":"wp","href":"https:\/\/api.w.org\/{rel}","templated":true}]}}