{"id":14149,"date":"2025-03-09T10:53:26","date_gmt":"2025-03-09T09:53:26","guid":{"rendered":"https:\/\/wgphoto.pl\/t\/?p=14149"},"modified":"2025-03-09T10:53:26","modified_gmt":"2025-03-09T09:53:26","slug":"skoda-26t-nr-602","status":"publish","type":"post","link":"https:\/\/wgphoto.pl\/t\/?p=14149","title":{"rendered":"\u0160koda 26T nr 602"},"content":{"rendered":"\n<figure class=\"wp-block-image aligncenter size-full\"><img loading=\"lazy\" decoding=\"async\" width=\"1075\" height=\"700\" src=\"https:\/\/wgphoto.pl\/t\/wp-content\/uploads\/2025\/03\/IMGP5468-1.jpg\" alt=\"\" class=\"wp-image-14150\" srcset=\"https:\/\/wgphoto.pl\/t\/wp-content\/uploads\/2025\/03\/IMGP5468-1.jpg 1075w, https:\/\/wgphoto.pl\/t\/wp-content\/uploads\/2025\/03\/IMGP5468-1-300x195.jpg 300w, https:\/\/wgphoto.pl\/t\/wp-content\/uploads\/2025\/03\/IMGP5468-1-768x500.jpg 768w\" sizes=\"auto, (max-width: 1075px) 100vw, 1075px\" \/><\/figure>\n\n\n\n<div class=\"wp-block-group has-global-padding is-layout-constrained wp-block-group-is-layout-constrained\">\n<p>Miskolc, Kiss T\u00e1bornok utca. \u00daj \u0160koda zatrzymuje si\u0119 na wyspowym przystanku i celem dokonania wymiany pasa\u017cerskiej otworzy drzwi z lewej strony &#8211; wykona zatem to, czego wroc\u0142awskie dwukierunkowe \u0160kody nie potrafi\u0105. 19.06.2014<\/p>\n<\/div>\n","protected":false},"excerpt":{"rendered":"<p>Miskolc, Kiss T\u00e1bornok utca. \u00daj \u0160koda zatrzymuje si\u0119 na wyspowym przystanku i celem dokonania wymiany pasa\u017cerskiej otworzy drzwi z lewej strony &#8211; wykona zatem to, czego wroc\u0142awskie dwukierunkowe \u0160kody nie potrafi\u0105. 19.06.2014<\/p>\n","protected":false},"author":1,"featured_media":14150,"comment_status":"open","ping_status":"","sticky":false,"template":"","format":"standard","meta":{"footnotes":""},"categories":[48,3],"tags":[1007,1008,1006,2450,105],"class_list":["post-14149","post","type-post","status-publish","format-standard","has-post-thumbnail","hentry","category-rok-2014","category-tramwaj","tag-2014-06-19","tag-miszkolc","tag-mvk-miskolc","tag-skoda-26t","tag-wegry"],"_links":{"self":[{"href":"https:\/\/wgphoto.pl\/t\/index.php?rest_route=\/wp\/v2\/posts\/14149","targetHints":{"allow":["GET"]}}],"collection":[{"href":"https:\/\/wgphoto.pl\/t\/index.php?rest_route=\/wp\/v2\/posts"}],"about":[{"href":"https:\/\/wgphoto.pl\/t\/index.php?rest_route=\/wp\/v2\/types\/post"}],"author":[{"embeddable":true,"href":"https:\/\/wgphoto.pl\/t\/index.php?rest_route=\/wp\/v2\/users\/1"}],"replies":[{"embeddable":true,"href":"https:\/\/wgphoto.pl\/t\/index.php?rest_route=%2Fwp%2Fv2%2Fcomments&post=14149"}],"version-history":[{"count":1,"href":"https:\/\/wgphoto.pl\/t\/index.php?rest_route=\/wp\/v2\/posts\/14149\/revisions"}],"predecessor-version":[{"id":14151,"href":"https:\/\/wgphoto.pl\/t\/index.php?rest_route=\/wp\/v2\/posts\/14149\/revisions\/14151"}],"wp:featuredmedia":[{"embeddable":true,"href":"https:\/\/wgphoto.pl\/t\/index.php?rest_route=\/wp\/v2\/media\/14150"}],"wp:attachment":[{"href":"https:\/\/wgphoto.pl\/t\/index.php?rest_route=%2Fwp%2Fv2%2Fmedia&parent=14149"}],"wp:term":[{"taxonomy":"category","embeddable":true,"href":"https:\/\/wgphoto.pl\/t\/index.php?rest_route=%2Fwp%2Fv2%2Fcategories&post=14149"},{"taxonomy":"post_tag","embeddable":true,"href":"https:\/\/wgphoto.pl\/t\/index.php?rest_route=%2Fwp%2Fv2%2Ftags&post=14149"}],"curies":[{"name":"wp","href":"https:\/\/api.w.org\/{rel}","templated":true}]}}