{"id":14155,"date":"2025-03-09T10:55:20","date_gmt":"2025-03-09T09:55:20","guid":{"rendered":"https:\/\/wgphoto.pl\/t\/?p=14155"},"modified":"2025-03-09T10:55:20","modified_gmt":"2025-03-09T09:55:20","slug":"ngt6dd-zr-nr-2586","status":"publish","type":"post","link":"https:\/\/wgphoto.pl\/t\/?p=14155","title":{"rendered":"NGT6DD-ZR nr 2586"},"content":{"rendered":"\n<figure class=\"wp-block-image aligncenter size-full\"><img loading=\"lazy\" decoding=\"async\" width=\"703\" height=\"1050\" src=\"https:\/\/wgphoto.pl\/t\/wp-content\/uploads\/2025\/03\/IMGP1365.jpg\" alt=\"\" class=\"wp-image-14156\" srcset=\"https:\/\/wgphoto.pl\/t\/wp-content\/uploads\/2025\/03\/IMGP1365.jpg 703w, https:\/\/wgphoto.pl\/t\/wp-content\/uploads\/2025\/03\/IMGP1365-201x300.jpg 201w\" sizes=\"auto, (max-width: 703px) 100vw, 703px\" \/><\/figure>\n\n\n\n<div class=\"wp-block-group has-global-padding is-layout-constrained wp-block-group-is-layout-constrained\">\n<p>Drezno, Postplatz. Dwukierunkowy NGT6DD wyje\u017cd\u017ca z Sophienstra\u00dfe, pozostawiaj\u0105c za sob\u0105 miejscow\u0105 star\u00f3wk\u0119. 2009-12-29<\/p>\n<\/div>\n","protected":false},"excerpt":{"rendered":"<p>Drezno, Postplatz. Dwukierunkowy NGT6DD wyje\u017cd\u017ca z Sophienstra\u00dfe, pozostawiaj\u0105c za sob\u0105 miejscow\u0105 star\u00f3wk\u0119. 2009-12-29<\/p>\n","protected":false},"author":1,"featured_media":14156,"comment_status":"open","ping_status":"","sticky":false,"template":"","format":"standard","meta":{"footnotes":""},"categories":[128,169,3],"tags":[852,34,851,850,23,853],"class_list":["post-14155","post","type-post","status-publish","format-standard","has-post-thumbnail","hentry","category-pionowe","category-rok-2009","category-tramwaj","tag-2009-12-29","tag-architektura","tag-drezno","tag-dvb-dresden","tag-niemcy","tag-sachsen-tram"],"_links":{"self":[{"href":"https:\/\/wgphoto.pl\/t\/index.php?rest_route=\/wp\/v2\/posts\/14155","targetHints":{"allow":["GET"]}}],"collection":[{"href":"https:\/\/wgphoto.pl\/t\/index.php?rest_route=\/wp\/v2\/posts"}],"about":[{"href":"https:\/\/wgphoto.pl\/t\/index.php?rest_route=\/wp\/v2\/types\/post"}],"author":[{"embeddable":true,"href":"https:\/\/wgphoto.pl\/t\/index.php?rest_route=\/wp\/v2\/users\/1"}],"replies":[{"embeddable":true,"href":"https:\/\/wgphoto.pl\/t\/index.php?rest_route=%2Fwp%2Fv2%2Fcomments&post=14155"}],"version-history":[{"count":1,"href":"https:\/\/wgphoto.pl\/t\/index.php?rest_route=\/wp\/v2\/posts\/14155\/revisions"}],"predecessor-version":[{"id":14157,"href":"https:\/\/wgphoto.pl\/t\/index.php?rest_route=\/wp\/v2\/posts\/14155\/revisions\/14157"}],"wp:featuredmedia":[{"embeddable":true,"href":"https:\/\/wgphoto.pl\/t\/index.php?rest_route=\/wp\/v2\/media\/14156"}],"wp:attachment":[{"href":"https:\/\/wgphoto.pl\/t\/index.php?rest_route=%2Fwp%2Fv2%2Fmedia&parent=14155"}],"wp:term":[{"taxonomy":"category","embeddable":true,"href":"https:\/\/wgphoto.pl\/t\/index.php?rest_route=%2Fwp%2Fv2%2Fcategories&post=14155"},{"taxonomy":"post_tag","embeddable":true,"href":"https:\/\/wgphoto.pl\/t\/index.php?rest_route=%2Fwp%2Fv2%2Ftags&post=14155"}],"curies":[{"name":"wp","href":"https:\/\/api.w.org\/{rel}","templated":true}]}}