{"id":14161,"date":"2025-03-09T10:57:39","date_gmt":"2025-03-09T09:57:39","guid":{"rendered":"https:\/\/wgphoto.pl\/t\/?p=14161"},"modified":"2025-03-09T10:57:39","modified_gmt":"2025-03-09T09:57:39","slug":"drezno-pozdrawia","status":"publish","type":"post","link":"https:\/\/wgphoto.pl\/t\/?p=14161","title":{"rendered":"Drezno pozdrawia"},"content":{"rendered":"\n<figure class=\"wp-block-image aligncenter size-full\"><img loading=\"lazy\" decoding=\"async\" width=\"1200\" height=\"800\" src=\"https:\/\/wgphoto.pl\/t\/wp-content\/uploads\/2025\/03\/IMGP8520.jpg\" alt=\"\" class=\"wp-image-14162\" srcset=\"https:\/\/wgphoto.pl\/t\/wp-content\/uploads\/2025\/03\/IMGP8520.jpg 1200w, https:\/\/wgphoto.pl\/t\/wp-content\/uploads\/2025\/03\/IMGP8520-300x200.jpg 300w, https:\/\/wgphoto.pl\/t\/wp-content\/uploads\/2025\/03\/IMGP8520-768x512.jpg 768w\" sizes=\"auto, (max-width: 1200px) 100vw, 1200px\" \/><\/figure>\n\n\n\n<div class=\"wp-block-group has-global-padding is-layout-constrained wp-block-group-is-layout-constrained\">\n<p>Drezno, Freiberger Stra\u00dfe. Do takiego kadru z wielk\u0105 p\u0142yt\u0105 lepiej ni\u017c 12-osiowy Bombardier pasowa\u0142by potr\u00f3jniak Tatr, ale sp\u00f3\u017ani\u0142em si\u0119 chyba o kilka lat. 21.10.2010<\/p>\n<\/div>\n","protected":false},"excerpt":{"rendered":"<p>Drezno, Freiberger Stra\u00dfe. Do takiego kadru z wielk\u0105 p\u0142yt\u0105 lepiej ni\u017c 12-osiowy Bombardier pasowa\u0142by potr\u00f3jniak Tatr, ale sp\u00f3\u017ani\u0142em si\u0119 chyba o kilka lat. 21.10.2010<\/p>\n","protected":false},"author":1,"featured_media":14162,"comment_status":"open","ping_status":"","sticky":false,"template":"","format":"standard","meta":{"footnotes":""},"categories":[86,3],"tags":[855,34,1126,851,850,23,143],"class_list":["post-14161","post","type-post","status-publish","format-standard","has-post-thumbnail","hentry","category-rok-2010","category-tramwaj","tag-2010-10-21","tag-architektura","tag-bombardier-flexity-classic","tag-drezno","tag-dvb-dresden","tag-niemcy","tag-ponad-30m"],"_links":{"self":[{"href":"https:\/\/wgphoto.pl\/t\/index.php?rest_route=\/wp\/v2\/posts\/14161","targetHints":{"allow":["GET"]}}],"collection":[{"href":"https:\/\/wgphoto.pl\/t\/index.php?rest_route=\/wp\/v2\/posts"}],"about":[{"href":"https:\/\/wgphoto.pl\/t\/index.php?rest_route=\/wp\/v2\/types\/post"}],"author":[{"embeddable":true,"href":"https:\/\/wgphoto.pl\/t\/index.php?rest_route=\/wp\/v2\/users\/1"}],"replies":[{"embeddable":true,"href":"https:\/\/wgphoto.pl\/t\/index.php?rest_route=%2Fwp%2Fv2%2Fcomments&post=14161"}],"version-history":[{"count":1,"href":"https:\/\/wgphoto.pl\/t\/index.php?rest_route=\/wp\/v2\/posts\/14161\/revisions"}],"predecessor-version":[{"id":14163,"href":"https:\/\/wgphoto.pl\/t\/index.php?rest_route=\/wp\/v2\/posts\/14161\/revisions\/14163"}],"wp:featuredmedia":[{"embeddable":true,"href":"https:\/\/wgphoto.pl\/t\/index.php?rest_route=\/wp\/v2\/media\/14162"}],"wp:attachment":[{"href":"https:\/\/wgphoto.pl\/t\/index.php?rest_route=%2Fwp%2Fv2%2Fmedia&parent=14161"}],"wp:term":[{"taxonomy":"category","embeddable":true,"href":"https:\/\/wgphoto.pl\/t\/index.php?rest_route=%2Fwp%2Fv2%2Fcategories&post=14161"},{"taxonomy":"post_tag","embeddable":true,"href":"https:\/\/wgphoto.pl\/t\/index.php?rest_route=%2Fwp%2Fv2%2Ftags&post=14161"}],"curies":[{"name":"wp","href":"https:\/\/api.w.org\/{rel}","templated":true}]}}