{"id":14164,"date":"2025-03-09T10:58:30","date_gmt":"2025-03-09T09:58:30","guid":{"rendered":"https:\/\/wgphoto.pl\/t\/?p=14164"},"modified":"2025-03-09T10:58:30","modified_gmt":"2025-03-09T09:58:30","slug":"zgorzelec-gorlitz","status":"publish","type":"post","link":"https:\/\/wgphoto.pl\/t\/?p=14164","title":{"rendered":"Zgorzelec &#8211; G\u00f6rlitz"},"content":{"rendered":"\n<figure class=\"wp-block-image aligncenter size-full\"><img loading=\"lazy\" decoding=\"async\" width=\"1200\" height=\"800\" src=\"https:\/\/wgphoto.pl\/t\/wp-content\/uploads\/2025\/03\/IMGP3552.jpg\" alt=\"\" class=\"wp-image-14165\" srcset=\"https:\/\/wgphoto.pl\/t\/wp-content\/uploads\/2025\/03\/IMGP3552.jpg 1200w, https:\/\/wgphoto.pl\/t\/wp-content\/uploads\/2025\/03\/IMGP3552-300x200.jpg 300w, https:\/\/wgphoto.pl\/t\/wp-content\/uploads\/2025\/03\/IMGP3552-768x512.jpg 768w\" sizes=\"auto, (max-width: 1200px) 100vw, 1200px\" \/><\/figure>\n\n\n\n<div class=\"wp-block-group has-global-padding is-layout-constrained wp-block-group-is-layout-constrained\">\n<p>Poci\u0105g specjalny z Jeleniej G\u00f3ry do G\u00f6rlitz wjecha\u0142 w\u0142a\u015bnie na terytorium Niemiec (zak\u0142adaj\u0105c \u017ce granica przebiega nad \u015brodkiem koryta Nysy \u0141u\u017cyckiej) i za par\u0119 chwil sko\u0144czy bieg. Ju\u017c od jutra taki widok b\u0119dzie mo\u017cna zaobserwowa\u0107 10 razy dziennie, gdy\u017c w G\u00f6rlitz b\u0119dzie ko\u0144czy\u0142o bieg, je\u015bli dobrze licz\u0119, 5 par poci\u0105g\u00f3w osobowych z Polski, obs\u0142ugiwanych wy\u0142\u0105cznie kr\u00f3tkimi Pesami. Ponadto mostem tym przejad\u0105 codziennie trzy pary poci\u0105g\u00f3w \u0142\u0105cz\u0105cych Wroc\u0142aw i Drezno. 11.12.2015<\/p>\n<\/div>\n","protected":false},"excerpt":{"rendered":"<p>Poci\u0105g specjalny z Jeleniej G\u00f3ry do G\u00f6rlitz wjecha\u0142 w\u0142a\u015bnie na terytorium Niemiec (zak\u0142adaj\u0105c \u017ce granica przebiega nad \u015brodkiem koryta Nysy \u0141u\u017cyckiej) i za par\u0119 chwil sko\u0144czy bieg. Ju\u017c od jutra taki widok b\u0119dzie mo\u017cna zaobserwowa\u0107 10 razy dziennie, gdy\u017c w G\u00f6rlitz b\u0119dzie ko\u0144czy\u0142o bieg, je\u015bli dobrze licz\u0119, 5 par poci\u0105g\u00f3w osobowych z Polski, obs\u0142ugiwanych wy\u0142\u0105cznie [&hellip;]<\/p>\n","protected":false},"author":1,"featured_media":14165,"comment_status":"open","ping_status":"","sticky":false,"template":"","format":"standard","meta":{"footnotes":""},"categories":[2,104],"tags":[3425,31,249,402,45,23,3100,202,2761],"class_list":["post-14164","post","type-post","status-publish","format-standard","has-post-thumbnail","hentry","category-kolej","category-rok-2015","tag-2015-12-11","tag-gorlitz","tag-goscinne-wystepy","tag-kd","tag-most","tag-niemcy","tag-sa135","tag-specjalny","tag-zgorzelec"],"_links":{"self":[{"href":"https:\/\/wgphoto.pl\/t\/index.php?rest_route=\/wp\/v2\/posts\/14164","targetHints":{"allow":["GET"]}}],"collection":[{"href":"https:\/\/wgphoto.pl\/t\/index.php?rest_route=\/wp\/v2\/posts"}],"about":[{"href":"https:\/\/wgphoto.pl\/t\/index.php?rest_route=\/wp\/v2\/types\/post"}],"author":[{"embeddable":true,"href":"https:\/\/wgphoto.pl\/t\/index.php?rest_route=\/wp\/v2\/users\/1"}],"replies":[{"embeddable":true,"href":"https:\/\/wgphoto.pl\/t\/index.php?rest_route=%2Fwp%2Fv2%2Fcomments&post=14164"}],"version-history":[{"count":1,"href":"https:\/\/wgphoto.pl\/t\/index.php?rest_route=\/wp\/v2\/posts\/14164\/revisions"}],"predecessor-version":[{"id":14166,"href":"https:\/\/wgphoto.pl\/t\/index.php?rest_route=\/wp\/v2\/posts\/14164\/revisions\/14166"}],"wp:featuredmedia":[{"embeddable":true,"href":"https:\/\/wgphoto.pl\/t\/index.php?rest_route=\/wp\/v2\/media\/14165"}],"wp:attachment":[{"href":"https:\/\/wgphoto.pl\/t\/index.php?rest_route=%2Fwp%2Fv2%2Fmedia&parent=14164"}],"wp:term":[{"taxonomy":"category","embeddable":true,"href":"https:\/\/wgphoto.pl\/t\/index.php?rest_route=%2Fwp%2Fv2%2Fcategories&post=14164"},{"taxonomy":"post_tag","embeddable":true,"href":"https:\/\/wgphoto.pl\/t\/index.php?rest_route=%2Fwp%2Fv2%2Ftags&post=14164"}],"curies":[{"name":"wp","href":"https:\/\/api.w.org\/{rel}","templated":true}]}}