{"id":14167,"date":"2025-03-09T10:59:41","date_gmt":"2025-03-09T09:59:41","guid":{"rendered":"https:\/\/wgphoto.pl\/t\/?p=14167"},"modified":"2025-03-09T10:59:41","modified_gmt":"2025-03-09T09:59:41","slug":"odeg","status":"publish","type":"post","link":"https:\/\/wgphoto.pl\/t\/?p=14167","title":{"rendered":"ODEG"},"content":{"rendered":"\n<figure class=\"wp-block-image aligncenter size-full\"><img loading=\"lazy\" decoding=\"async\" width=\"1200\" height=\"800\" src=\"https:\/\/wgphoto.pl\/t\/wp-content\/uploads\/2025\/03\/IMGP3594.jpg\" alt=\"\" class=\"wp-image-14168\" srcset=\"https:\/\/wgphoto.pl\/t\/wp-content\/uploads\/2025\/03\/IMGP3594.jpg 1200w, https:\/\/wgphoto.pl\/t\/wp-content\/uploads\/2025\/03\/IMGP3594-300x200.jpg 300w, https:\/\/wgphoto.pl\/t\/wp-content\/uploads\/2025\/03\/IMGP3594-768x512.jpg 768w\" sizes=\"auto, (max-width: 1200px) 100vw, 1200px\" \/><\/figure>\n\n\n\n<div class=\"wp-block-group has-global-padding is-layout-constrained wp-block-group-is-layout-constrained\">\n<p>Jeszcze kilka knot\u00f3w spod hali peronowej w G\u00f6rlitz, tym razem zdominowanej przez pojazdy przewo\u017anika Ostdeutsche Eisenbahn GmbH, operuj\u0105cego w okolicy na trasach Zittau &#8211; Cottbus i G\u00f6rlitz &#8211; Bischofswerda. 11.12.2015<\/p>\n<\/div>\n","protected":false},"excerpt":{"rendered":"<p>Jeszcze kilka knot\u00f3w spod hali peronowej w G\u00f6rlitz, tym razem zdominowanej przez pojazdy przewo\u017anika Ostdeutsche Eisenbahn GmbH, operuj\u0105cego w okolicy na trasach Zittau &#8211; Cottbus i G\u00f6rlitz &#8211; Bischofswerda. 11.12.2015<\/p>\n","protected":false},"author":1,"featured_media":14168,"comment_status":"open","ping_status":"","sticky":false,"template":"","format":"standard","meta":{"footnotes":""},"categories":[2,104],"tags":[3425,31,249,179,402,23,2662,3100,1599],"class_list":["post-14167","post","type-post","status-publish","format-standard","has-post-thumbnail","hentry","category-kolej","category-rok-2015","tag-2015-12-11","tag-gorlitz","tag-goscinne-wystepy","tag-hala-peronowa","tag-kd","tag-niemcy","tag-odeg","tag-sa135","tag-stadler-regio-shuttle"],"_links":{"self":[{"href":"https:\/\/wgphoto.pl\/t\/index.php?rest_route=\/wp\/v2\/posts\/14167","targetHints":{"allow":["GET"]}}],"collection":[{"href":"https:\/\/wgphoto.pl\/t\/index.php?rest_route=\/wp\/v2\/posts"}],"about":[{"href":"https:\/\/wgphoto.pl\/t\/index.php?rest_route=\/wp\/v2\/types\/post"}],"author":[{"embeddable":true,"href":"https:\/\/wgphoto.pl\/t\/index.php?rest_route=\/wp\/v2\/users\/1"}],"replies":[{"embeddable":true,"href":"https:\/\/wgphoto.pl\/t\/index.php?rest_route=%2Fwp%2Fv2%2Fcomments&post=14167"}],"version-history":[{"count":1,"href":"https:\/\/wgphoto.pl\/t\/index.php?rest_route=\/wp\/v2\/posts\/14167\/revisions"}],"predecessor-version":[{"id":14169,"href":"https:\/\/wgphoto.pl\/t\/index.php?rest_route=\/wp\/v2\/posts\/14167\/revisions\/14169"}],"wp:featuredmedia":[{"embeddable":true,"href":"https:\/\/wgphoto.pl\/t\/index.php?rest_route=\/wp\/v2\/media\/14168"}],"wp:attachment":[{"href":"https:\/\/wgphoto.pl\/t\/index.php?rest_route=%2Fwp%2Fv2%2Fmedia&parent=14167"}],"wp:term":[{"taxonomy":"category","embeddable":true,"href":"https:\/\/wgphoto.pl\/t\/index.php?rest_route=%2Fwp%2Fv2%2Fcategories&post=14167"},{"taxonomy":"post_tag","embeddable":true,"href":"https:\/\/wgphoto.pl\/t\/index.php?rest_route=%2Fwp%2Fv2%2Ftags&post=14167"}],"curies":[{"name":"wp","href":"https:\/\/api.w.org\/{rel}","templated":true}]}}