{"id":14173,"date":"2025-03-09T11:01:38","date_gmt":"2025-03-09T10:01:38","guid":{"rendered":"https:\/\/wgphoto.pl\/t\/?p=14173"},"modified":"2025-03-09T11:01:38","modified_gmt":"2025-03-09T10:01:38","slug":"polski-peron","status":"publish","type":"post","link":"https:\/\/wgphoto.pl\/t\/?p=14173","title":{"rendered":"Polski peron"},"content":{"rendered":"\n<figure class=\"wp-block-image aligncenter size-full\"><img loading=\"lazy\" decoding=\"async\" width=\"1200\" height=\"800\" src=\"https:\/\/wgphoto.pl\/t\/wp-content\/uploads\/2025\/03\/IMGP3584.jpg\" alt=\"\" class=\"wp-image-14174\" srcset=\"https:\/\/wgphoto.pl\/t\/wp-content\/uploads\/2025\/03\/IMGP3584.jpg 1200w, https:\/\/wgphoto.pl\/t\/wp-content\/uploads\/2025\/03\/IMGP3584-300x200.jpg 300w, https:\/\/wgphoto.pl\/t\/wp-content\/uploads\/2025\/03\/IMGP3584-768x512.jpg 768w\" sizes=\"auto, (max-width: 1200px) 100vw, 1200px\" \/><\/figure>\n\n\n\n<div class=\"wp-block-group has-global-padding is-layout-constrained wp-block-group-is-layout-constrained\">\n<p>Dwa pojazdy, przyby\u0142e w roli poci\u0105g\u00f3w specjalnych z Wroc\u0142awia i Jeleniej G\u00f3ry, prezentuj\u0105 si\u0119 przy &#8222;polskim&#8221; peronie w G\u00f6rlitz. Mimo \u017ce peron wygl\u0105da na pusty, za widocznymi stoiskami promocyjnymi trwa w\u0142a\u015bnie oficjalna inauguracja po\u0142\u0105cze\u0144 transgranicznych. 11.12.2015<\/p>\n<\/div>\n","protected":false},"excerpt":{"rendered":"<p>Dwa pojazdy, przyby\u0142e w roli poci\u0105g\u00f3w specjalnych z Wroc\u0142awia i Jeleniej G\u00f3ry, prezentuj\u0105 si\u0119 przy &#8222;polskim&#8221; peronie w G\u00f6rlitz. Mimo \u017ce peron wygl\u0105da na pusty, za widocznymi stoiskami promocyjnymi trwa w\u0142a\u015bnie oficjalna inauguracja po\u0142\u0105cze\u0144 transgranicznych. 11.12.2015<\/p>\n","protected":false},"author":1,"featured_media":14174,"comment_status":"open","ping_status":"","sticky":false,"template":"","format":"standard","meta":{"footnotes":""},"categories":[2,104],"tags":[3425,206,256,31,179,402,23,3100,223],"class_list":["post-14173","post","type-post","status-publish","format-standard","has-post-thumbnail","hentry","category-kolej","category-rok-2015","tag-2015-12-11","tag-db","tag-desiro","tag-gorlitz","tag-hala-peronowa","tag-kd","tag-niemcy","tag-sa135","tag-symetria"],"_links":{"self":[{"href":"https:\/\/wgphoto.pl\/t\/index.php?rest_route=\/wp\/v2\/posts\/14173","targetHints":{"allow":["GET"]}}],"collection":[{"href":"https:\/\/wgphoto.pl\/t\/index.php?rest_route=\/wp\/v2\/posts"}],"about":[{"href":"https:\/\/wgphoto.pl\/t\/index.php?rest_route=\/wp\/v2\/types\/post"}],"author":[{"embeddable":true,"href":"https:\/\/wgphoto.pl\/t\/index.php?rest_route=\/wp\/v2\/users\/1"}],"replies":[{"embeddable":true,"href":"https:\/\/wgphoto.pl\/t\/index.php?rest_route=%2Fwp%2Fv2%2Fcomments&post=14173"}],"version-history":[{"count":1,"href":"https:\/\/wgphoto.pl\/t\/index.php?rest_route=\/wp\/v2\/posts\/14173\/revisions"}],"predecessor-version":[{"id":14175,"href":"https:\/\/wgphoto.pl\/t\/index.php?rest_route=\/wp\/v2\/posts\/14173\/revisions\/14175"}],"wp:featuredmedia":[{"embeddable":true,"href":"https:\/\/wgphoto.pl\/t\/index.php?rest_route=\/wp\/v2\/media\/14174"}],"wp:attachment":[{"href":"https:\/\/wgphoto.pl\/t\/index.php?rest_route=%2Fwp%2Fv2%2Fmedia&parent=14173"}],"wp:term":[{"taxonomy":"category","embeddable":true,"href":"https:\/\/wgphoto.pl\/t\/index.php?rest_route=%2Fwp%2Fv2%2Fcategories&post=14173"},{"taxonomy":"post_tag","embeddable":true,"href":"https:\/\/wgphoto.pl\/t\/index.php?rest_route=%2Fwp%2Fv2%2Ftags&post=14173"}],"curies":[{"name":"wp","href":"https:\/\/api.w.org\/{rel}","templated":true}]}}