{"id":14179,"date":"2025-03-09T11:03:24","date_gmt":"2025-03-09T10:03:24","guid":{"rendered":"https:\/\/wgphoto.pl\/t\/?p=14179"},"modified":"2025-03-09T11:03:24","modified_gmt":"2025-03-09T10:03:24","slug":"ein-feste-burg","status":"publish","type":"post","link":"https:\/\/wgphoto.pl\/t\/?p=14179","title":{"rendered":"Ein feste Burg"},"content":{"rendered":"\n<figure class=\"wp-block-image aligncenter size-full\"><img loading=\"lazy\" decoding=\"async\" width=\"1200\" height=\"800\" src=\"http:\/\/wgphoto.pl\/t\/wp-content\/uploads\/2025\/03\/IMGP3530.jpg\" alt=\"\" class=\"wp-image-14180\"\/><\/figure>\n\n\n\n<div class=\"wp-block-group has-global-padding is-layout-constrained wp-block-group-is-layout-constrained\">\n<p>G\u00f6rlitz, skrzy\u017cowanie An der Jakobuskirche z Zittauer Stra\u00dfe. Bardzo typowe uj\u0119cie, kt\u00f3re uskutecznia\u0142em jakie\u015b 10 lat temu, lecz z powodu braku skanu nie zaszkodzi\u0142o powt\u00f3rzy\u0107. Nic si\u0119 tutaj nie zmieni\u0142o, z wyj\u0105tkiem reklamy na pierwszym wagonie (drugi &#8222;od zawsze&#8221; zachwala miejscowe piwo Landskron). Nowo\u015bci\u0105 s\u0105 te\u017c LED-owe \u015bwiat\u0142a do jazdy dziennej, prezentuj\u0105ce si\u0119 pod oryginalnymi, okr\u0105g\u0142ymi oprawami reflektor\u00f3w wyj\u0105tkowo paskudnie. 11.12.2015<\/p>\n<\/div>\n","protected":false},"excerpt":{"rendered":"<p>G\u00f6rlitz, skrzy\u017cowanie An der Jakobuskirche z Zittauer Stra\u00dfe. Bardzo typowe uj\u0119cie, kt\u00f3re uskutecznia\u0142em jakie\u015b 10 lat temu, lecz z powodu braku skanu nie zaszkodzi\u0142o powt\u00f3rzy\u0107. Nic si\u0119 tutaj nie zmieni\u0142o, z wyj\u0105tkiem reklamy na pierwszym wagonie (drugi &#8222;od zawsze&#8221; zachwala miejscowe piwo Landskron). Nowo\u015bci\u0105 s\u0105 te\u017c LED-owe \u015bwiat\u0142a do jazdy dziennej, prezentuj\u0105ce si\u0119 pod oryginalnymi, [&hellip;]<\/p>\n","protected":false},"author":1,"featured_media":14180,"comment_status":"open","ping_status":"","sticky":false,"template":"","format":"standard","meta":{"footnotes":""},"categories":[104,3],"tags":[3425,34,31,23,33,129],"class_list":["post-14179","post","type-post","status-publish","format-standard","has-post-thumbnail","hentry","category-rok-2015","category-tramwaj","tag-2015-12-11","tag-architektura","tag-gorlitz","tag-niemcy","tag-tatra-kt4","tag-vgg-gorlitz"],"_links":{"self":[{"href":"https:\/\/wgphoto.pl\/t\/index.php?rest_route=\/wp\/v2\/posts\/14179","targetHints":{"allow":["GET"]}}],"collection":[{"href":"https:\/\/wgphoto.pl\/t\/index.php?rest_route=\/wp\/v2\/posts"}],"about":[{"href":"https:\/\/wgphoto.pl\/t\/index.php?rest_route=\/wp\/v2\/types\/post"}],"author":[{"embeddable":true,"href":"https:\/\/wgphoto.pl\/t\/index.php?rest_route=\/wp\/v2\/users\/1"}],"replies":[{"embeddable":true,"href":"https:\/\/wgphoto.pl\/t\/index.php?rest_route=%2Fwp%2Fv2%2Fcomments&post=14179"}],"version-history":[{"count":1,"href":"https:\/\/wgphoto.pl\/t\/index.php?rest_route=\/wp\/v2\/posts\/14179\/revisions"}],"predecessor-version":[{"id":14181,"href":"https:\/\/wgphoto.pl\/t\/index.php?rest_route=\/wp\/v2\/posts\/14179\/revisions\/14181"}],"wp:featuredmedia":[{"embeddable":true,"href":"https:\/\/wgphoto.pl\/t\/index.php?rest_route=\/wp\/v2\/media\/14180"}],"wp:attachment":[{"href":"https:\/\/wgphoto.pl\/t\/index.php?rest_route=%2Fwp%2Fv2%2Fmedia&parent=14179"}],"wp:term":[{"taxonomy":"category","embeddable":true,"href":"https:\/\/wgphoto.pl\/t\/index.php?rest_route=%2Fwp%2Fv2%2Fcategories&post=14179"},{"taxonomy":"post_tag","embeddable":true,"href":"https:\/\/wgphoto.pl\/t\/index.php?rest_route=%2Fwp%2Fv2%2Ftags&post=14179"}],"curies":[{"name":"wp","href":"https:\/\/api.w.org\/{rel}","templated":true}]}}