{"id":14182,"date":"2025-03-09T11:05:15","date_gmt":"2025-03-09T10:05:15","guid":{"rendered":"https:\/\/wgphoto.pl\/t\/?p=14182"},"modified":"2025-03-09T11:05:15","modified_gmt":"2025-03-09T10:05:15","slug":"berlinska","status":"publish","type":"post","link":"https:\/\/wgphoto.pl\/t\/?p=14182","title":{"rendered":"Berli\u0144ska"},"content":{"rendered":"\n<figure class=\"wp-block-image aligncenter size-full\"><img loading=\"lazy\" decoding=\"async\" width=\"1200\" height=\"800\" src=\"https:\/\/wgphoto.pl\/t\/wp-content\/uploads\/2025\/03\/IMGP3124.jpg\" alt=\"\" class=\"wp-image-14183\" srcset=\"https:\/\/wgphoto.pl\/t\/wp-content\/uploads\/2025\/03\/IMGP3124.jpg 1200w, https:\/\/wgphoto.pl\/t\/wp-content\/uploads\/2025\/03\/IMGP3124-300x200.jpg 300w, https:\/\/wgphoto.pl\/t\/wp-content\/uploads\/2025\/03\/IMGP3124-768x512.jpg 768w\" sizes=\"auto, (max-width: 1200px) 100vw, 1200px\" \/><\/figure>\n\n\n\n<div class=\"wp-block-group has-global-padding is-layout-constrained wp-block-group-is-layout-constrained\">\n<p>Woltersdorf, Berliner Stra\u00dfe. Chwil\u0119 zastanawia\u0142em si\u0119 nad lokalizacj\u0105, ale pomijaj\u0105c kr\u00f3tki odcinek w centrum, przez p\u00f3\u0142 miasteczka tramwaj jedzie po \u015aluzowej, a przez drugie p\u00f3\u0142 po Berli\u0144skiej, wi\u0119c o poprawn\u0105 nazw\u0119 ulicy nie jest trudno. 2013-04-30<\/p>\n<\/div>\n","protected":false},"excerpt":{"rendered":"<p>Woltersdorf, Berliner Stra\u00dfe. Chwil\u0119 zastanawia\u0142em si\u0119 nad lokalizacj\u0105, ale pomijaj\u0105c kr\u00f3tki odcinek w centrum, przez p\u00f3\u0142 miasteczka tramwaj jedzie po \u015aluzowej, a przez drugie p\u00f3\u0142 po Berli\u0144skiej, wi\u0119c o poprawn\u0105 nazw\u0119 ulicy nie jest trudno. 2013-04-30<\/p>\n","protected":false},"author":1,"featured_media":14183,"comment_status":"open","ping_status":"","sticky":false,"template":"","format":"standard","meta":{"footnotes":""},"categories":[55,3],"tags":[642,2150,640,23,2148],"class_list":["post-14182","post","type-post","status-publish","format-standard","has-post-thumbnail","hentry","category-rok-2013","category-tramwaj","tag-2013-04-30","tag-gotha-t57","tag-majowka-2013","tag-niemcy","tag-woltersdorf"],"_links":{"self":[{"href":"https:\/\/wgphoto.pl\/t\/index.php?rest_route=\/wp\/v2\/posts\/14182","targetHints":{"allow":["GET"]}}],"collection":[{"href":"https:\/\/wgphoto.pl\/t\/index.php?rest_route=\/wp\/v2\/posts"}],"about":[{"href":"https:\/\/wgphoto.pl\/t\/index.php?rest_route=\/wp\/v2\/types\/post"}],"author":[{"embeddable":true,"href":"https:\/\/wgphoto.pl\/t\/index.php?rest_route=\/wp\/v2\/users\/1"}],"replies":[{"embeddable":true,"href":"https:\/\/wgphoto.pl\/t\/index.php?rest_route=%2Fwp%2Fv2%2Fcomments&post=14182"}],"version-history":[{"count":1,"href":"https:\/\/wgphoto.pl\/t\/index.php?rest_route=\/wp\/v2\/posts\/14182\/revisions"}],"predecessor-version":[{"id":14184,"href":"https:\/\/wgphoto.pl\/t\/index.php?rest_route=\/wp\/v2\/posts\/14182\/revisions\/14184"}],"wp:featuredmedia":[{"embeddable":true,"href":"https:\/\/wgphoto.pl\/t\/index.php?rest_route=\/wp\/v2\/media\/14183"}],"wp:attachment":[{"href":"https:\/\/wgphoto.pl\/t\/index.php?rest_route=%2Fwp%2Fv2%2Fmedia&parent=14182"}],"wp:term":[{"taxonomy":"category","embeddable":true,"href":"https:\/\/wgphoto.pl\/t\/index.php?rest_route=%2Fwp%2Fv2%2Fcategories&post=14182"},{"taxonomy":"post_tag","embeddable":true,"href":"https:\/\/wgphoto.pl\/t\/index.php?rest_route=%2Fwp%2Fv2%2Ftags&post=14182"}],"curies":[{"name":"wp","href":"https:\/\/api.w.org\/{rel}","templated":true}]}}