{"id":14185,"date":"2025-03-09T11:06:04","date_gmt":"2025-03-09T10:06:04","guid":{"rendered":"https:\/\/wgphoto.pl\/t\/?p=14185"},"modified":"2025-03-09T11:06:04","modified_gmt":"2025-03-09T10:06:04","slug":"sluzowa","status":"publish","type":"post","link":"https:\/\/wgphoto.pl\/t\/?p=14185","title":{"rendered":"\u015aluzowa"},"content":{"rendered":"\n<figure class=\"wp-block-image aligncenter size-full\"><img loading=\"lazy\" decoding=\"async\" width=\"1300\" height=\"870\" src=\"https:\/\/wgphoto.pl\/t\/wp-content\/uploads\/2025\/03\/IMGP3105.jpg\" alt=\"\" class=\"wp-image-14186\" srcset=\"https:\/\/wgphoto.pl\/t\/wp-content\/uploads\/2025\/03\/IMGP3105.jpg 1300w, https:\/\/wgphoto.pl\/t\/wp-content\/uploads\/2025\/03\/IMGP3105-300x201.jpg 300w, https:\/\/wgphoto.pl\/t\/wp-content\/uploads\/2025\/03\/IMGP3105-768x514.jpg 768w\" sizes=\"auto, (max-width: 1300px) 100vw, 1300px\" \/><\/figure>\n\n\n\n<div class=\"wp-block-group has-global-padding is-layout-constrained wp-block-group-is-layout-constrained\">\n<p>Woltersdorf, Schleusenstra\u00dfe. Gotha w\u0142a\u015bnie odjecha\u0142a z przystanku pocz\u0105tkowego przy \u015bluzie. 2013-04-30<\/p>\n<\/div>\n","protected":false},"excerpt":{"rendered":"<p>Woltersdorf, Schleusenstra\u00dfe. Gotha w\u0142a\u015bnie odjecha\u0142a z przystanku pocz\u0105tkowego przy \u015bluzie. 2013-04-30<\/p>\n","protected":false},"author":1,"featured_media":14186,"comment_status":"open","ping_status":"","sticky":false,"template":"","format":"standard","meta":{"footnotes":""},"categories":[55,3],"tags":[642,2150,640,23,2148],"class_list":["post-14185","post","type-post","status-publish","format-standard","has-post-thumbnail","hentry","category-rok-2013","category-tramwaj","tag-2013-04-30","tag-gotha-t57","tag-majowka-2013","tag-niemcy","tag-woltersdorf"],"_links":{"self":[{"href":"https:\/\/wgphoto.pl\/t\/index.php?rest_route=\/wp\/v2\/posts\/14185","targetHints":{"allow":["GET"]}}],"collection":[{"href":"https:\/\/wgphoto.pl\/t\/index.php?rest_route=\/wp\/v2\/posts"}],"about":[{"href":"https:\/\/wgphoto.pl\/t\/index.php?rest_route=\/wp\/v2\/types\/post"}],"author":[{"embeddable":true,"href":"https:\/\/wgphoto.pl\/t\/index.php?rest_route=\/wp\/v2\/users\/1"}],"replies":[{"embeddable":true,"href":"https:\/\/wgphoto.pl\/t\/index.php?rest_route=%2Fwp%2Fv2%2Fcomments&post=14185"}],"version-history":[{"count":1,"href":"https:\/\/wgphoto.pl\/t\/index.php?rest_route=\/wp\/v2\/posts\/14185\/revisions"}],"predecessor-version":[{"id":14187,"href":"https:\/\/wgphoto.pl\/t\/index.php?rest_route=\/wp\/v2\/posts\/14185\/revisions\/14187"}],"wp:featuredmedia":[{"embeddable":true,"href":"https:\/\/wgphoto.pl\/t\/index.php?rest_route=\/wp\/v2\/media\/14186"}],"wp:attachment":[{"href":"https:\/\/wgphoto.pl\/t\/index.php?rest_route=%2Fwp%2Fv2%2Fmedia&parent=14185"}],"wp:term":[{"taxonomy":"category","embeddable":true,"href":"https:\/\/wgphoto.pl\/t\/index.php?rest_route=%2Fwp%2Fv2%2Fcategories&post=14185"},{"taxonomy":"post_tag","embeddable":true,"href":"https:\/\/wgphoto.pl\/t\/index.php?rest_route=%2Fwp%2Fv2%2Ftags&post=14185"}],"curies":[{"name":"wp","href":"https:\/\/api.w.org\/{rel}","templated":true}]}}