{"id":14188,"date":"2025-03-09T11:06:49","date_gmt":"2025-03-09T10:06:49","guid":{"rendered":"https:\/\/wgphoto.pl\/t\/?p=14188"},"modified":"2025-03-09T11:06:49","modified_gmt":"2025-03-09T10:06:49","slug":"troche-bruku","status":"publish","type":"post","link":"https:\/\/wgphoto.pl\/t\/?p=14188","title":{"rendered":"Troch\u0119 bruku"},"content":{"rendered":"\n<figure class=\"wp-block-image aligncenter size-full\"><img loading=\"lazy\" decoding=\"async\" width=\"1200\" height=\"800\" src=\"https:\/\/wgphoto.pl\/t\/wp-content\/uploads\/2025\/03\/IMGP3114.jpg\" alt=\"\" class=\"wp-image-14189\" srcset=\"https:\/\/wgphoto.pl\/t\/wp-content\/uploads\/2025\/03\/IMGP3114.jpg 1200w, https:\/\/wgphoto.pl\/t\/wp-content\/uploads\/2025\/03\/IMGP3114-300x200.jpg 300w, https:\/\/wgphoto.pl\/t\/wp-content\/uploads\/2025\/03\/IMGP3114-768x512.jpg 768w\" sizes=\"auto, (max-width: 1200px) 100vw, 1200px\" \/><\/figure>\n\n\n\n<div class=\"wp-block-group has-global-padding is-layout-constrained wp-block-group-is-layout-constrained\">\n<p>Woltersdorf, Schleusenstra\u00dfe. Dzisiaj kr\u00f3tka seria o tym, \u017ce tramwaje w Woltersdorfie je\u017cd\u017c\u0105 pod pr\u0105d, wszystkie prezentowane odcinki jednotorowe s\u0105 bowiem eksploatowane dwukierunkowo. 2013-04-30<\/p>\n<\/div>\n","protected":false},"excerpt":{"rendered":"<p>Woltersdorf, Schleusenstra\u00dfe. Dzisiaj kr\u00f3tka seria o tym, \u017ce tramwaje w Woltersdorfie je\u017cd\u017c\u0105 pod pr\u0105d, wszystkie prezentowane odcinki jednotorowe s\u0105 bowiem eksploatowane dwukierunkowo. 2013-04-30<\/p>\n","protected":false},"author":1,"featured_media":14189,"comment_status":"open","ping_status":"","sticky":false,"template":"","format":"standard","meta":{"footnotes":""},"categories":[55,3],"tags":[642,2150,640,23,2148],"class_list":["post-14188","post","type-post","status-publish","format-standard","has-post-thumbnail","hentry","category-rok-2013","category-tramwaj","tag-2013-04-30","tag-gotha-t57","tag-majowka-2013","tag-niemcy","tag-woltersdorf"],"_links":{"self":[{"href":"https:\/\/wgphoto.pl\/t\/index.php?rest_route=\/wp\/v2\/posts\/14188","targetHints":{"allow":["GET"]}}],"collection":[{"href":"https:\/\/wgphoto.pl\/t\/index.php?rest_route=\/wp\/v2\/posts"}],"about":[{"href":"https:\/\/wgphoto.pl\/t\/index.php?rest_route=\/wp\/v2\/types\/post"}],"author":[{"embeddable":true,"href":"https:\/\/wgphoto.pl\/t\/index.php?rest_route=\/wp\/v2\/users\/1"}],"replies":[{"embeddable":true,"href":"https:\/\/wgphoto.pl\/t\/index.php?rest_route=%2Fwp%2Fv2%2Fcomments&post=14188"}],"version-history":[{"count":1,"href":"https:\/\/wgphoto.pl\/t\/index.php?rest_route=\/wp\/v2\/posts\/14188\/revisions"}],"predecessor-version":[{"id":14190,"href":"https:\/\/wgphoto.pl\/t\/index.php?rest_route=\/wp\/v2\/posts\/14188\/revisions\/14190"}],"wp:featuredmedia":[{"embeddable":true,"href":"https:\/\/wgphoto.pl\/t\/index.php?rest_route=\/wp\/v2\/media\/14189"}],"wp:attachment":[{"href":"https:\/\/wgphoto.pl\/t\/index.php?rest_route=%2Fwp%2Fv2%2Fmedia&parent=14188"}],"wp:term":[{"taxonomy":"category","embeddable":true,"href":"https:\/\/wgphoto.pl\/t\/index.php?rest_route=%2Fwp%2Fv2%2Fcategories&post=14188"},{"taxonomy":"post_tag","embeddable":true,"href":"https:\/\/wgphoto.pl\/t\/index.php?rest_route=%2Fwp%2Fv2%2Ftags&post=14188"}],"curies":[{"name":"wp","href":"https:\/\/api.w.org\/{rel}","templated":true}]}}