{"id":14194,"date":"2025-03-09T11:08:25","date_gmt":"2025-03-09T10:08:25","guid":{"rendered":"https:\/\/wgphoto.pl\/t\/?p=14194"},"modified":"2025-06-27T20:59:37","modified_gmt":"2025-06-27T18:59:37","slug":"lew-gi-1-nr-1082","status":"publish","type":"post","link":"https:\/\/wgphoto.pl\/t\/?p=14194","title":{"rendered":"LEW GI\/1 nr 1082"},"content":{"rendered":"\n<figure class=\"wp-block-image aligncenter size-full\"><img loading=\"lazy\" decoding=\"async\" width=\"1200\" height=\"800\" src=\"https:\/\/wgphoto.pl\/t\/wp-content\/uploads\/2025\/03\/IMGP3300.jpg\" alt=\"\" class=\"wp-image-14195\" srcset=\"https:\/\/wgphoto.pl\/t\/wp-content\/uploads\/2025\/03\/IMGP3300.jpg 1200w, https:\/\/wgphoto.pl\/t\/wp-content\/uploads\/2025\/03\/IMGP3300-300x200.jpg 300w, https:\/\/wgphoto.pl\/t\/wp-content\/uploads\/2025\/03\/IMGP3300-768x512.jpg 768w\" sizes=\"auto, (max-width: 1200px) 100vw, 1200px\" \/><\/figure>\n\n\n\n<div class=\"wp-block-group has-global-padding is-layout-constrained wp-block-group-is-layout-constrained\">\n<p>Przepi\u0119knej urody, enerdowskiej produkcji zestaw obs\u0142uguj\u0105cy lini\u0119 U2 w\u0142a\u015bnie wyjecha\u0142 z tunelu i zbli\u017ca si\u0119 do stacji Eberswalder Stra\u00dfe. 2013-05-01<\/p>\n<\/div>\n","protected":false},"excerpt":{"rendered":"<p>Przepi\u0119knej urody, enerdowskiej produkcji zestaw obs\u0142uguj\u0105cy lini\u0119 U2 w\u0142a\u015bnie wyjecha\u0142 z tunelu i zbli\u017ca si\u0119 do stacji Eberswalder Stra\u00dfe. 2013-05-01<\/p>\n","protected":false},"author":1,"featured_media":14195,"comment_status":"open","ping_status":"","sticky":false,"template":"","format":"standard","meta":{"footnotes":""},"categories":[4,55],"tags":[2990,639,1628,179,4067,640,23,2565],"class_list":["post-14194","post","type-post","status-publish","format-standard","has-post-thumbnail","hentry","category-metro","category-rok-2013","tag-2013-05-01","tag-berlin","tag-bvg-berlin","tag-hala-peronowa","tag-lew-g","tag-majowka-2013","tag-niemcy","tag-u-bahn-berlin"],"_links":{"self":[{"href":"https:\/\/wgphoto.pl\/t\/index.php?rest_route=\/wp\/v2\/posts\/14194","targetHints":{"allow":["GET"]}}],"collection":[{"href":"https:\/\/wgphoto.pl\/t\/index.php?rest_route=\/wp\/v2\/posts"}],"about":[{"href":"https:\/\/wgphoto.pl\/t\/index.php?rest_route=\/wp\/v2\/types\/post"}],"author":[{"embeddable":true,"href":"https:\/\/wgphoto.pl\/t\/index.php?rest_route=\/wp\/v2\/users\/1"}],"replies":[{"embeddable":true,"href":"https:\/\/wgphoto.pl\/t\/index.php?rest_route=%2Fwp%2Fv2%2Fcomments&post=14194"}],"version-history":[{"count":1,"href":"https:\/\/wgphoto.pl\/t\/index.php?rest_route=\/wp\/v2\/posts\/14194\/revisions"}],"predecessor-version":[{"id":14196,"href":"https:\/\/wgphoto.pl\/t\/index.php?rest_route=\/wp\/v2\/posts\/14194\/revisions\/14196"}],"wp:featuredmedia":[{"embeddable":true,"href":"https:\/\/wgphoto.pl\/t\/index.php?rest_route=\/wp\/v2\/media\/14195"}],"wp:attachment":[{"href":"https:\/\/wgphoto.pl\/t\/index.php?rest_route=%2Fwp%2Fv2%2Fmedia&parent=14194"}],"wp:term":[{"taxonomy":"category","embeddable":true,"href":"https:\/\/wgphoto.pl\/t\/index.php?rest_route=%2Fwp%2Fv2%2Fcategories&post=14194"},{"taxonomy":"post_tag","embeddable":true,"href":"https:\/\/wgphoto.pl\/t\/index.php?rest_route=%2Fwp%2Fv2%2Ftags&post=14194"}],"curies":[{"name":"wp","href":"https:\/\/api.w.org\/{rel}","templated":true}]}}