{"id":14207,"date":"2025-03-09T11:12:59","date_gmt":"2025-03-09T10:12:59","guid":{"rendered":"https:\/\/wgphoto.pl\/t\/?p=14207"},"modified":"2025-03-09T11:12:59","modified_gmt":"2025-03-09T10:12:59","slug":"pierwszy-ale-nie-ostatni","status":"publish","type":"post","link":"https:\/\/wgphoto.pl\/t\/?p=14207","title":{"rendered":"Pierwszy, ale nie ostatni"},"content":{"rendered":"\n<figure class=\"wp-block-image aligncenter size-full\"><img loading=\"lazy\" decoding=\"async\" width=\"1300\" height=\"861\" src=\"https:\/\/wgphoto.pl\/t\/wp-content\/uploads\/2025\/03\/IMGP4102.jpg\" alt=\"\" class=\"wp-image-14208\" srcset=\"https:\/\/wgphoto.pl\/t\/wp-content\/uploads\/2025\/03\/IMGP4102.jpg 1300w, https:\/\/wgphoto.pl\/t\/wp-content\/uploads\/2025\/03\/IMGP4102-300x199.jpg 300w, https:\/\/wgphoto.pl\/t\/wp-content\/uploads\/2025\/03\/IMGP4102-768x509.jpg 768w\" sizes=\"auto, (max-width: 1300px) 100vw, 1300px\" \/><\/figure>\n\n\n\n<div class=\"wp-block-group has-global-padding is-layout-constrained wp-block-group-is-layout-constrained\">\n<p>Lipsk, Gorkistra\u00dfe. To by\u0142 pierwszy czechos\u0142owacko-polsko-niemiecki potr\u00f3jniak (polsko &#8211; bo pud\u0142o doczepy wyprodukowano w zak\u0142adach Cegielskiego), jaki uda\u0142o mi si\u0119 z\u0142apa\u0107 po przyje\u017adzie do Lipska. Nie wiedzia\u0142em jeszcze, \u017ce tak du\u017co tego je\u017adzi, wi\u0119c stwierdzi\u0142em \u017ce ju\u017c teraz mog\u0119 uzna\u0107 \u0142owy za udane. A p\u00f3\u017aniej apetyt r\u00f3s\u0142 w miar\u0119 jedzenia. \ud83d\ude09 2016-04-30<\/p>\n<\/div>\n","protected":false},"excerpt":{"rendered":"<p>Lipsk, Gorkistra\u00dfe. To by\u0142 pierwszy czechos\u0142owacko-polsko-niemiecki potr\u00f3jniak (polsko &#8211; bo pud\u0142o doczepy wyprodukowano w zak\u0142adach Cegielskiego), jaki uda\u0142o mi si\u0119 z\u0142apa\u0107 po przyje\u017adzie do Lipska. Nie wiedzia\u0142em jeszcze, \u017ce tak du\u017co tego je\u017adzi, wi\u0119c stwierdzi\u0142em \u017ce ju\u017c teraz mog\u0119 uzna\u0107 \u0142owy za udane. A p\u00f3\u017aniej apetyt r\u00f3s\u0142 w miar\u0119 jedzenia. \ud83d\ude09 2016-04-30<\/p>\n","protected":false},"author":1,"featured_media":14208,"comment_status":"open","ping_status":"","sticky":false,"template":"","format":"standard","meta":{"footnotes":""},"categories":[125,3],"tags":[1532,34,1180,1179,635,23,143,135,1112],"class_list":["post-14207","post","type-post","status-publish","format-standard","has-post-thumbnail","hentry","category-rok-2016","category-tramwaj","tag-2016-04-30","tag-architektura","tag-lipsk","tag-lvb-leipzig","tag-majowka-2016","tag-niemcy","tag-ponad-30m","tag-potrojniak","tag-tatra-t4"],"_links":{"self":[{"href":"https:\/\/wgphoto.pl\/t\/index.php?rest_route=\/wp\/v2\/posts\/14207","targetHints":{"allow":["GET"]}}],"collection":[{"href":"https:\/\/wgphoto.pl\/t\/index.php?rest_route=\/wp\/v2\/posts"}],"about":[{"href":"https:\/\/wgphoto.pl\/t\/index.php?rest_route=\/wp\/v2\/types\/post"}],"author":[{"embeddable":true,"href":"https:\/\/wgphoto.pl\/t\/index.php?rest_route=\/wp\/v2\/users\/1"}],"replies":[{"embeddable":true,"href":"https:\/\/wgphoto.pl\/t\/index.php?rest_route=%2Fwp%2Fv2%2Fcomments&post=14207"}],"version-history":[{"count":1,"href":"https:\/\/wgphoto.pl\/t\/index.php?rest_route=\/wp\/v2\/posts\/14207\/revisions"}],"predecessor-version":[{"id":14209,"href":"https:\/\/wgphoto.pl\/t\/index.php?rest_route=\/wp\/v2\/posts\/14207\/revisions\/14209"}],"wp:featuredmedia":[{"embeddable":true,"href":"https:\/\/wgphoto.pl\/t\/index.php?rest_route=\/wp\/v2\/media\/14208"}],"wp:attachment":[{"href":"https:\/\/wgphoto.pl\/t\/index.php?rest_route=%2Fwp%2Fv2%2Fmedia&parent=14207"}],"wp:term":[{"taxonomy":"category","embeddable":true,"href":"https:\/\/wgphoto.pl\/t\/index.php?rest_route=%2Fwp%2Fv2%2Fcategories&post=14207"},{"taxonomy":"post_tag","embeddable":true,"href":"https:\/\/wgphoto.pl\/t\/index.php?rest_route=%2Fwp%2Fv2%2Ftags&post=14207"}],"curies":[{"name":"wp","href":"https:\/\/api.w.org\/{rel}","templated":true}]}}