{"id":14210,"date":"2025-03-09T14:07:39","date_gmt":"2025-03-09T13:07:39","guid":{"rendered":"https:\/\/wgphoto.pl\/t\/?p=14210"},"modified":"2025-03-09T14:09:54","modified_gmt":"2025-03-09T13:09:54","slug":"zaszynobus","status":"publish","type":"post","link":"https:\/\/wgphoto.pl\/t\/?p=14210","title":{"rendered":"Zaszynobus"},"content":{"rendered":"\n<figure class=\"wp-block-image aligncenter size-full\"><img loading=\"lazy\" decoding=\"async\" width=\"1050\" height=\"700\" src=\"https:\/\/wgphoto.pl\/t\/wp-content\/uploads\/2025\/03\/0433-07.jpg\" alt=\"\" class=\"wp-image-14211\" srcset=\"https:\/\/wgphoto.pl\/t\/wp-content\/uploads\/2025\/03\/0433-07.jpg 1050w, https:\/\/wgphoto.pl\/t\/wp-content\/uploads\/2025\/03\/0433-07-300x200.jpg 300w, https:\/\/wgphoto.pl\/t\/wp-content\/uploads\/2025\/03\/0433-07-768x512.jpg 768w\" sizes=\"auto, (max-width: 1050px) 100vw, 1050px\" \/><\/figure>\n\n\n\n<div class=\"wp-block-group has-global-padding is-layout-constrained wp-block-group-is-layout-constrained\">\n<p>SU45-011 z dwiema bonanzami przez ca\u0142y dzie\u0144 b\u0119dzie zast\u0119powa\u0142a zdefektowanego Kolzama obs\u0142uguj\u0105c poci\u0105gi mi\u0119dzy Jaworzyn\u0105 \u015al\u0105sk\u0105 a Kamie\u0144cem Z\u0105bkowickim. 28.12.2004<\/p>\n<\/div>\n","protected":false},"excerpt":{"rendered":"<p>SU45-011 z dwiema bonanzami przez ca\u0142y dzie\u0144 b\u0119dzie zast\u0119powa\u0142a zdefektowanego Kolzama obs\u0142uguj\u0105c poci\u0105gi mi\u0119dzy Jaworzyn\u0105 \u015al\u0105sk\u0105 a Kamie\u0144cem Z\u0105bkowickim. 28.12.2004<\/p>\n","protected":false},"author":1,"featured_media":14211,"comment_status":"open","ping_status":"","sticky":false,"template":"","format":"standard","meta":{"footnotes":""},"categories":[62,2,61],"tags":[2159,366,63,27,176,290,319],"class_list":["post-14210","post","type-post","status-publish","format-standard","has-post-thumbnail","hentry","category-analog","category-kolej","category-rok-2004","tag-2004-12-28","tag-jaworzyna-slaska","tag-pkp","tag-polska","tag-rano","tag-su45","tag-tab-pl235"],"_links":{"self":[{"href":"https:\/\/wgphoto.pl\/t\/index.php?rest_route=\/wp\/v2\/posts\/14210","targetHints":{"allow":["GET"]}}],"collection":[{"href":"https:\/\/wgphoto.pl\/t\/index.php?rest_route=\/wp\/v2\/posts"}],"about":[{"href":"https:\/\/wgphoto.pl\/t\/index.php?rest_route=\/wp\/v2\/types\/post"}],"author":[{"embeddable":true,"href":"https:\/\/wgphoto.pl\/t\/index.php?rest_route=\/wp\/v2\/users\/1"}],"replies":[{"embeddable":true,"href":"https:\/\/wgphoto.pl\/t\/index.php?rest_route=%2Fwp%2Fv2%2Fcomments&post=14210"}],"version-history":[{"count":1,"href":"https:\/\/wgphoto.pl\/t\/index.php?rest_route=\/wp\/v2\/posts\/14210\/revisions"}],"predecessor-version":[{"id":14212,"href":"https:\/\/wgphoto.pl\/t\/index.php?rest_route=\/wp\/v2\/posts\/14210\/revisions\/14212"}],"wp:featuredmedia":[{"embeddable":true,"href":"https:\/\/wgphoto.pl\/t\/index.php?rest_route=\/wp\/v2\/media\/14211"}],"wp:attachment":[{"href":"https:\/\/wgphoto.pl\/t\/index.php?rest_route=%2Fwp%2Fv2%2Fmedia&parent=14210"}],"wp:term":[{"taxonomy":"category","embeddable":true,"href":"https:\/\/wgphoto.pl\/t\/index.php?rest_route=%2Fwp%2Fv2%2Fcategories&post=14210"},{"taxonomy":"post_tag","embeddable":true,"href":"https:\/\/wgphoto.pl\/t\/index.php?rest_route=%2Fwp%2Fv2%2Ftags&post=14210"}],"curies":[{"name":"wp","href":"https:\/\/api.w.org\/{rel}","templated":true}]}}