{"id":14216,"date":"2025-03-09T14:09:20","date_gmt":"2025-03-09T13:09:20","guid":{"rendered":"https:\/\/wgphoto.pl\/t\/?p=14216"},"modified":"2025-03-09T14:09:20","modified_gmt":"2025-03-09T13:09:20","slug":"swidnica-kraszowice","status":"publish","type":"post","link":"https:\/\/wgphoto.pl\/t\/?p=14216","title":{"rendered":"\u015awidnica Kraszowice"},"content":{"rendered":"\n<figure class=\"wp-block-image aligncenter size-full\"><img loading=\"lazy\" decoding=\"async\" width=\"1050\" height=\"700\" src=\"https:\/\/wgphoto.pl\/t\/wp-content\/uploads\/2025\/03\/0433-09.jpg\" alt=\"\" class=\"wp-image-14217\" srcset=\"https:\/\/wgphoto.pl\/t\/wp-content\/uploads\/2025\/03\/0433-09.jpg 1050w, https:\/\/wgphoto.pl\/t\/wp-content\/uploads\/2025\/03\/0433-09-300x200.jpg 300w, https:\/\/wgphoto.pl\/t\/wp-content\/uploads\/2025\/03\/0433-09-768x512.jpg 768w\" sizes=\"auto, (max-width: 1050px) 100vw, 1050px\" \/><\/figure>\n\n\n\n<div class=\"wp-block-group has-global-padding is-layout-constrained wp-block-group-is-layout-constrained\">\n<p>Poci\u0105g 44020 z Jaworzyny \u015al\u0105skiej do Kamie\u0144ca Z\u0105bkowickiego mija zaro\u015bni\u0119t\u0105 r\u00f3wni\u0119 stacyjn\u0105 oraz zrujnowan\u0105 nastawni\u0119 wykonawcz\u0105. 28.12.2004<\/p>\n<\/div>\n","protected":false},"excerpt":{"rendered":"<p>Poci\u0105g 44020 z Jaworzyny \u015al\u0105skiej do Kamie\u0144ca Z\u0105bkowickiego mija zaro\u015bni\u0119t\u0105 r\u00f3wni\u0119 stacyjn\u0105 oraz zrujnowan\u0105 nastawni\u0119 wykonawcz\u0105. 28.12.2004<\/p>\n","protected":false},"author":1,"featured_media":14217,"comment_status":"open","ping_status":"","sticky":false,"template":"","format":"standard","meta":{"footnotes":""},"categories":[62,2,61],"tags":[2159,63,27,290,3428,319],"class_list":["post-14216","post","type-post","status-publish","format-standard","has-post-thumbnail","hentry","category-analog","category-kolej","category-rok-2004","tag-2004-12-28","tag-pkp","tag-polska","tag-su45","tag-swidnica-kraszowice","tag-tab-pl235"],"_links":{"self":[{"href":"https:\/\/wgphoto.pl\/t\/index.php?rest_route=\/wp\/v2\/posts\/14216","targetHints":{"allow":["GET"]}}],"collection":[{"href":"https:\/\/wgphoto.pl\/t\/index.php?rest_route=\/wp\/v2\/posts"}],"about":[{"href":"https:\/\/wgphoto.pl\/t\/index.php?rest_route=\/wp\/v2\/types\/post"}],"author":[{"embeddable":true,"href":"https:\/\/wgphoto.pl\/t\/index.php?rest_route=\/wp\/v2\/users\/1"}],"replies":[{"embeddable":true,"href":"https:\/\/wgphoto.pl\/t\/index.php?rest_route=%2Fwp%2Fv2%2Fcomments&post=14216"}],"version-history":[{"count":1,"href":"https:\/\/wgphoto.pl\/t\/index.php?rest_route=\/wp\/v2\/posts\/14216\/revisions"}],"predecessor-version":[{"id":14218,"href":"https:\/\/wgphoto.pl\/t\/index.php?rest_route=\/wp\/v2\/posts\/14216\/revisions\/14218"}],"wp:featuredmedia":[{"embeddable":true,"href":"https:\/\/wgphoto.pl\/t\/index.php?rest_route=\/wp\/v2\/media\/14217"}],"wp:attachment":[{"href":"https:\/\/wgphoto.pl\/t\/index.php?rest_route=%2Fwp%2Fv2%2Fmedia&parent=14216"}],"wp:term":[{"taxonomy":"category","embeddable":true,"href":"https:\/\/wgphoto.pl\/t\/index.php?rest_route=%2Fwp%2Fv2%2Fcategories&post=14216"},{"taxonomy":"post_tag","embeddable":true,"href":"https:\/\/wgphoto.pl\/t\/index.php?rest_route=%2Fwp%2Fv2%2Ftags&post=14216"}],"curies":[{"name":"wp","href":"https:\/\/api.w.org\/{rel}","templated":true}]}}