{"id":14222,"date":"2025-03-09T14:11:53","date_gmt":"2025-03-09T13:11:53","guid":{"rendered":"https:\/\/wgphoto.pl\/t\/?p=14222"},"modified":"2025-03-09T14:11:53","modified_gmt":"2025-03-09T13:11:53","slug":"moscisko-1","status":"publish","type":"post","link":"https:\/\/wgphoto.pl\/t\/?p=14222","title":{"rendered":"Mo\u015bcisko (1)"},"content":{"rendered":"\n<figure class=\"wp-block-image aligncenter size-full\"><img loading=\"lazy\" decoding=\"async\" width=\"1050\" height=\"700\" src=\"https:\/\/wgphoto.pl\/t\/wp-content\/uploads\/2025\/03\/0433-14.jpg\" alt=\"\" class=\"wp-image-14223\" srcset=\"https:\/\/wgphoto.pl\/t\/wp-content\/uploads\/2025\/03\/0433-14.jpg 1050w, https:\/\/wgphoto.pl\/t\/wp-content\/uploads\/2025\/03\/0433-14-300x200.jpg 300w, https:\/\/wgphoto.pl\/t\/wp-content\/uploads\/2025\/03\/0433-14-768x512.jpg 768w\" sizes=\"auto, (max-width: 1050px) 100vw, 1050px\" \/><\/figure>\n\n\n\n<div class=\"wp-block-group has-global-padding is-layout-constrained wp-block-group-is-layout-constrained\">\n<p>Poci\u0105g osobowy 44022 z Jaworzyny \u015al\u0105skiej do Kamie\u0144ca Z\u0105bkowickiego zatrzymuje si\u0119 na stacji w Mo\u015bcisku Dzier\u017coniowskim. 28.12.2004<\/p>\n<\/div>\n","protected":false},"excerpt":{"rendered":"<p>Poci\u0105g osobowy 44022 z Jaworzyny \u015al\u0105skiej do Kamie\u0144ca Z\u0105bkowickiego zatrzymuje si\u0119 na stacji w Mo\u015bcisku Dzier\u017coniowskim. 28.12.2004<\/p>\n","protected":false},"author":1,"featured_media":14223,"comment_status":"open","ping_status":"","sticky":false,"template":"","format":"standard","meta":{"footnotes":""},"categories":[62,2,61],"tags":[2159,3430,63,27,290,319],"class_list":["post-14222","post","type-post","status-publish","format-standard","has-post-thumbnail","hentry","category-analog","category-kolej","category-rok-2004","tag-2004-12-28","tag-moscisko-dzierzoniowskie","tag-pkp","tag-polska","tag-su45","tag-tab-pl235"],"_links":{"self":[{"href":"https:\/\/wgphoto.pl\/t\/index.php?rest_route=\/wp\/v2\/posts\/14222","targetHints":{"allow":["GET"]}}],"collection":[{"href":"https:\/\/wgphoto.pl\/t\/index.php?rest_route=\/wp\/v2\/posts"}],"about":[{"href":"https:\/\/wgphoto.pl\/t\/index.php?rest_route=\/wp\/v2\/types\/post"}],"author":[{"embeddable":true,"href":"https:\/\/wgphoto.pl\/t\/index.php?rest_route=\/wp\/v2\/users\/1"}],"replies":[{"embeddable":true,"href":"https:\/\/wgphoto.pl\/t\/index.php?rest_route=%2Fwp%2Fv2%2Fcomments&post=14222"}],"version-history":[{"count":1,"href":"https:\/\/wgphoto.pl\/t\/index.php?rest_route=\/wp\/v2\/posts\/14222\/revisions"}],"predecessor-version":[{"id":14224,"href":"https:\/\/wgphoto.pl\/t\/index.php?rest_route=\/wp\/v2\/posts\/14222\/revisions\/14224"}],"wp:featuredmedia":[{"embeddable":true,"href":"https:\/\/wgphoto.pl\/t\/index.php?rest_route=\/wp\/v2\/media\/14223"}],"wp:attachment":[{"href":"https:\/\/wgphoto.pl\/t\/index.php?rest_route=%2Fwp%2Fv2%2Fmedia&parent=14222"}],"wp:term":[{"taxonomy":"category","embeddable":true,"href":"https:\/\/wgphoto.pl\/t\/index.php?rest_route=%2Fwp%2Fv2%2Fcategories&post=14222"},{"taxonomy":"post_tag","embeddable":true,"href":"https:\/\/wgphoto.pl\/t\/index.php?rest_route=%2Fwp%2Fv2%2Ftags&post=14222"}],"curies":[{"name":"wp","href":"https:\/\/api.w.org\/{rel}","templated":true}]}}