{"id":14254,"date":"2025-03-09T14:29:42","date_gmt":"2025-03-09T13:29:42","guid":{"rendered":"https:\/\/wgphoto.pl\/t\/?p=14254"},"modified":"2025-03-09T14:29:42","modified_gmt":"2025-03-09T13:29:42","slug":"wiosna-przyszla","status":"publish","type":"post","link":"https:\/\/wgphoto.pl\/t\/?p=14254","title":{"rendered":"Wiosna przysz\u0142a!"},"content":{"rendered":"\n<figure class=\"wp-block-image aligncenter size-full\"><img loading=\"lazy\" decoding=\"async\" width=\"1200\" height=\"800\" src=\"https:\/\/wgphoto.pl\/t\/wp-content\/uploads\/2025\/03\/0315-15.jpg\" alt=\"\" class=\"wp-image-14255\" srcset=\"https:\/\/wgphoto.pl\/t\/wp-content\/uploads\/2025\/03\/0315-15.jpg 1200w, https:\/\/wgphoto.pl\/t\/wp-content\/uploads\/2025\/03\/0315-15-300x200.jpg 300w, https:\/\/wgphoto.pl\/t\/wp-content\/uploads\/2025\/03\/0315-15-768x512.jpg 768w\" sizes=\"auto, (max-width: 1200px) 100vw, 1200px\" \/><\/figure>\n\n\n\n<div class=\"wp-block-group has-global-padding is-layout-constrained wp-block-group-is-layout-constrained\">\n<p>Tym razem poci\u0105g osobowy 7733 z Lubawki do Wa\u0142brzycha G\u0142\u00f3wnego prowadzi SP32-071. 24.05.2003<\/p>\n<\/div>\n","protected":false},"excerpt":{"rendered":"<p>Tym razem poci\u0105g osobowy 7733 z Lubawki do Wa\u0142brzycha G\u0142\u00f3wnego prowadzi SP32-071. 24.05.2003<\/p>\n","protected":false},"author":1,"featured_media":14255,"comment_status":"open","ping_status":"","sticky":false,"template":"","format":"standard","meta":{"footnotes":""},"categories":[62,2,149],"tags":[3006,629,63,27,1061,385,627,294],"class_list":["post-14254","post","type-post","status-publish","format-standard","has-post-thumbnail","hentry","category-analog","category-kolej","category-rok-2003","tag-2003-05-24","tag-kamienna-gora","tag-pkp","tag-polska","tag-sedzislaw","tag-sp32","tag-tab-pl247","tag-wiosna"],"_links":{"self":[{"href":"https:\/\/wgphoto.pl\/t\/index.php?rest_route=\/wp\/v2\/posts\/14254","targetHints":{"allow":["GET"]}}],"collection":[{"href":"https:\/\/wgphoto.pl\/t\/index.php?rest_route=\/wp\/v2\/posts"}],"about":[{"href":"https:\/\/wgphoto.pl\/t\/index.php?rest_route=\/wp\/v2\/types\/post"}],"author":[{"embeddable":true,"href":"https:\/\/wgphoto.pl\/t\/index.php?rest_route=\/wp\/v2\/users\/1"}],"replies":[{"embeddable":true,"href":"https:\/\/wgphoto.pl\/t\/index.php?rest_route=%2Fwp%2Fv2%2Fcomments&post=14254"}],"version-history":[{"count":1,"href":"https:\/\/wgphoto.pl\/t\/index.php?rest_route=\/wp\/v2\/posts\/14254\/revisions"}],"predecessor-version":[{"id":14256,"href":"https:\/\/wgphoto.pl\/t\/index.php?rest_route=\/wp\/v2\/posts\/14254\/revisions\/14256"}],"wp:featuredmedia":[{"embeddable":true,"href":"https:\/\/wgphoto.pl\/t\/index.php?rest_route=\/wp\/v2\/media\/14255"}],"wp:attachment":[{"href":"https:\/\/wgphoto.pl\/t\/index.php?rest_route=%2Fwp%2Fv2%2Fmedia&parent=14254"}],"wp:term":[{"taxonomy":"category","embeddable":true,"href":"https:\/\/wgphoto.pl\/t\/index.php?rest_route=%2Fwp%2Fv2%2Fcategories&post=14254"},{"taxonomy":"post_tag","embeddable":true,"href":"https:\/\/wgphoto.pl\/t\/index.php?rest_route=%2Fwp%2Fv2%2Ftags&post=14254"}],"curies":[{"name":"wp","href":"https:\/\/api.w.org\/{rel}","templated":true}]}}