{"id":14257,"date":"2025-03-09T14:30:29","date_gmt":"2025-03-09T13:30:29","guid":{"rendered":"https:\/\/wgphoto.pl\/t\/?p=14257"},"modified":"2025-03-09T14:30:29","modified_gmt":"2025-03-09T13:30:29","slug":"zielono-zolty","status":"publish","type":"post","link":"https:\/\/wgphoto.pl\/t\/?p=14257","title":{"rendered":"Zielono-\u017c\u00f3\u0142ty"},"content":{"rendered":"\n<figure class=\"wp-block-image aligncenter size-full\"><img loading=\"lazy\" decoding=\"async\" width=\"1200\" height=\"800\" src=\"https:\/\/wgphoto.pl\/t\/wp-content\/uploads\/2025\/03\/0405-01.jpg\" alt=\"\" class=\"wp-image-14258\" srcset=\"https:\/\/wgphoto.pl\/t\/wp-content\/uploads\/2025\/03\/0405-01.jpg 1200w, https:\/\/wgphoto.pl\/t\/wp-content\/uploads\/2025\/03\/0405-01-300x200.jpg 300w, https:\/\/wgphoto.pl\/t\/wp-content\/uploads\/2025\/03\/0405-01-768x512.jpg 768w\" sizes=\"auto, (max-width: 1200px) 100vw, 1200px\" \/><\/figure>\n\n\n\n<div class=\"wp-block-group has-global-padding is-layout-constrained wp-block-group-is-layout-constrained\">\n<p>Zielony wyje\u017cd\u017ca z Kamiennej G\u00f3ry ze zdawk\u0105 do Lubawki. Jako \u017ce zawsze fotografowa\u0142em tutaj wyjazd poci\u0105gu z toru pierwszego, poniewa\u017c by\u0142a to sytuacja planowa, tym razem mia\u0142em nadziej\u0119 na zdj\u0119cie z uniesionymi ramionami semafora wyjazdowego z drugiego toru. Niestety by\u0142 to okres, gdy semafor\u00f3w na tej g\u0142owicy nie podawano wcale. 13.04.2004<\/p>\n<\/div>\n","protected":false},"excerpt":{"rendered":"<p>Zielony wyje\u017cd\u017ca z Kamiennej G\u00f3ry ze zdawk\u0105 do Lubawki. Jako \u017ce zawsze fotografowa\u0142em tutaj wyjazd poci\u0105gu z toru pierwszego, poniewa\u017c by\u0142a to sytuacja planowa, tym razem mia\u0142em nadziej\u0119 na zdj\u0119cie z uniesionymi ramionami semafora wyjazdowego z drugiego toru. Niestety by\u0142 to okres, gdy semafor\u00f3w na tej g\u0142owicy nie podawano wcale. 13.04.2004<\/p>\n","protected":false},"author":1,"featured_media":14258,"comment_status":"open","ping_status":"","sticky":false,"template":"","format":"standard","meta":{"footnotes":""},"categories":[62,2,61],"tags":[3436,629,63,27,64,53,627],"class_list":["post-14257","post","type-post","status-publish","format-standard","has-post-thumbnail","hentry","category-analog","category-kolej","category-rok-2004","tag-2004-04-13","tag-kamienna-gora","tag-pkp","tag-polska","tag-st43","tag-sygnalizacja-ksztaltowa","tag-tab-pl247"],"_links":{"self":[{"href":"https:\/\/wgphoto.pl\/t\/index.php?rest_route=\/wp\/v2\/posts\/14257","targetHints":{"allow":["GET"]}}],"collection":[{"href":"https:\/\/wgphoto.pl\/t\/index.php?rest_route=\/wp\/v2\/posts"}],"about":[{"href":"https:\/\/wgphoto.pl\/t\/index.php?rest_route=\/wp\/v2\/types\/post"}],"author":[{"embeddable":true,"href":"https:\/\/wgphoto.pl\/t\/index.php?rest_route=\/wp\/v2\/users\/1"}],"replies":[{"embeddable":true,"href":"https:\/\/wgphoto.pl\/t\/index.php?rest_route=%2Fwp%2Fv2%2Fcomments&post=14257"}],"version-history":[{"count":1,"href":"https:\/\/wgphoto.pl\/t\/index.php?rest_route=\/wp\/v2\/posts\/14257\/revisions"}],"predecessor-version":[{"id":14259,"href":"https:\/\/wgphoto.pl\/t\/index.php?rest_route=\/wp\/v2\/posts\/14257\/revisions\/14259"}],"wp:featuredmedia":[{"embeddable":true,"href":"https:\/\/wgphoto.pl\/t\/index.php?rest_route=\/wp\/v2\/media\/14258"}],"wp:attachment":[{"href":"https:\/\/wgphoto.pl\/t\/index.php?rest_route=%2Fwp%2Fv2%2Fmedia&parent=14257"}],"wp:term":[{"taxonomy":"category","embeddable":true,"href":"https:\/\/wgphoto.pl\/t\/index.php?rest_route=%2Fwp%2Fv2%2Fcategories&post=14257"},{"taxonomy":"post_tag","embeddable":true,"href":"https:\/\/wgphoto.pl\/t\/index.php?rest_route=%2Fwp%2Fv2%2Ftags&post=14257"}],"curies":[{"name":"wp","href":"https:\/\/api.w.org\/{rel}","templated":true}]}}