{"id":14263,"date":"2025-03-09T14:32:07","date_gmt":"2025-03-09T13:32:07","guid":{"rendered":"https:\/\/wgphoto.pl\/t\/?p=14263"},"modified":"2025-03-09T14:32:07","modified_gmt":"2025-03-09T13:32:07","slug":"eu07-358","status":"publish","type":"post","link":"https:\/\/wgphoto.pl\/t\/?p=14263","title":{"rendered":"EU07-358"},"content":{"rendered":"\n<figure class=\"wp-block-image aligncenter size-full\"><img loading=\"lazy\" decoding=\"async\" width=\"1200\" height=\"800\" src=\"https:\/\/wgphoto.pl\/t\/wp-content\/uploads\/2025\/03\/0315-13.jpg\" alt=\"\" class=\"wp-image-14264\" srcset=\"https:\/\/wgphoto.pl\/t\/wp-content\/uploads\/2025\/03\/0315-13.jpg 1200w, https:\/\/wgphoto.pl\/t\/wp-content\/uploads\/2025\/03\/0315-13-300x200.jpg 300w, https:\/\/wgphoto.pl\/t\/wp-content\/uploads\/2025\/03\/0315-13-768x512.jpg 768w\" sizes=\"auto, (max-width: 1200px) 100vw, 1200px\" \/><\/figure>\n\n\n\n<div class=\"wp-block-group has-global-padding is-layout-constrained wp-block-group-is-layout-constrained\">\n<p>Szlak Marcisz\u00f3w &#8211; S\u0119dzis\u0142aw. Poc. posp. 65100 &#8222;Szklarka&#8221; z Jeleniej G\u00f3ry do Bydgoszczy G\u0142\u00f3wnej min\u0105\u0142 most na rzece B\u00f3br i zbli\u017ca si\u0119 do przejazdu w ci\u0105gu DK5. Uwa\u017cny obserwator dostrze\u017ce nasyp, kt\u00f3rym wiod\u0142a \u0142\u0105cznica Podg Marcisz\u00f3w G\u00f3rny &#8211; Podg Kru\u017cyn. 2003-05-24<\/p>\n<\/div>\n","protected":false},"excerpt":{"rendered":"<p>Szlak Marcisz\u00f3w &#8211; S\u0119dzis\u0142aw. Poc. posp. 65100 &#8222;Szklarka&#8221; z Jeleniej G\u00f3ry do Bydgoszczy G\u0142\u00f3wnej min\u0105\u0142 most na rzece B\u00f3br i zbli\u017ca si\u0119 do przejazdu w ci\u0105gu DK5. Uwa\u017cny obserwator dostrze\u017ce nasyp, kt\u00f3rym wiod\u0142a \u0142\u0105cznica Podg Marcisz\u00f3w G\u00f3rny &#8211; Podg Kru\u017cyn. 2003-05-24<\/p>\n","protected":false},"author":1,"featured_media":14264,"comment_status":"open","ping_status":"","sticky":false,"template":"","format":"standard","meta":{"footnotes":""},"categories":[62,2,149],"tags":[3006,122,83,63,27,1061,200],"class_list":["post-14263","post","type-post","status-publish","format-standard","has-post-thumbnail","hentry","category-analog","category-kolej","category-rok-2003","tag-2003-05-24","tag-eu07","tag-marciszow","tag-pkp","tag-polska","tag-sedzislaw","tag-tab-pl240"],"_links":{"self":[{"href":"https:\/\/wgphoto.pl\/t\/index.php?rest_route=\/wp\/v2\/posts\/14263","targetHints":{"allow":["GET"]}}],"collection":[{"href":"https:\/\/wgphoto.pl\/t\/index.php?rest_route=\/wp\/v2\/posts"}],"about":[{"href":"https:\/\/wgphoto.pl\/t\/index.php?rest_route=\/wp\/v2\/types\/post"}],"author":[{"embeddable":true,"href":"https:\/\/wgphoto.pl\/t\/index.php?rest_route=\/wp\/v2\/users\/1"}],"replies":[{"embeddable":true,"href":"https:\/\/wgphoto.pl\/t\/index.php?rest_route=%2Fwp%2Fv2%2Fcomments&post=14263"}],"version-history":[{"count":1,"href":"https:\/\/wgphoto.pl\/t\/index.php?rest_route=\/wp\/v2\/posts\/14263\/revisions"}],"predecessor-version":[{"id":14265,"href":"https:\/\/wgphoto.pl\/t\/index.php?rest_route=\/wp\/v2\/posts\/14263\/revisions\/14265"}],"wp:featuredmedia":[{"embeddable":true,"href":"https:\/\/wgphoto.pl\/t\/index.php?rest_route=\/wp\/v2\/media\/14264"}],"wp:attachment":[{"href":"https:\/\/wgphoto.pl\/t\/index.php?rest_route=%2Fwp%2Fv2%2Fmedia&parent=14263"}],"wp:term":[{"taxonomy":"category","embeddable":true,"href":"https:\/\/wgphoto.pl\/t\/index.php?rest_route=%2Fwp%2Fv2%2Fcategories&post=14263"},{"taxonomy":"post_tag","embeddable":true,"href":"https:\/\/wgphoto.pl\/t\/index.php?rest_route=%2Fwp%2Fv2%2Ftags&post=14263"}],"curies":[{"name":"wp","href":"https:\/\/api.w.org\/{rel}","templated":true}]}}