{"id":14275,"date":"2025-03-09T14:35:24","date_gmt":"2025-03-09T13:35:24","guid":{"rendered":"https:\/\/wgphoto.pl\/t\/?p=14275"},"modified":"2025-03-09T14:35:24","modified_gmt":"2025-03-09T13:35:24","slug":"petra","status":"publish","type":"post","link":"https:\/\/wgphoto.pl\/t\/?p=14275","title":{"rendered":"Petra"},"content":{"rendered":"\n<figure class=\"wp-block-image aligncenter size-full\"><img loading=\"lazy\" decoding=\"async\" width=\"1200\" height=\"800\" src=\"https:\/\/wgphoto.pl\/t\/wp-content\/uploads\/2025\/03\/0803-16.jpg\" alt=\"\" class=\"wp-image-14276\" srcset=\"https:\/\/wgphoto.pl\/t\/wp-content\/uploads\/2025\/03\/0803-16.jpg 1200w, https:\/\/wgphoto.pl\/t\/wp-content\/uploads\/2025\/03\/0803-16-300x200.jpg 300w, https:\/\/wgphoto.pl\/t\/wp-content\/uploads\/2025\/03\/0803-16-768x512.jpg 768w\" sizes=\"auto, (max-width: 1200px) 100vw, 1200px\" \/><\/figure>\n\n\n\n<div class=\"wp-block-group has-global-padding is-layout-constrained wp-block-group-is-layout-constrained\">\n<p>854 225-0 za kilka minut wyruszy z N\u00e1chodu z poci\u0105giem osobowym 5162 do Mezim\u011bst\u00ed. Jak bym nie kombinowa\u0142 z wyborem knot\u00f3w do wrzucenia to nawet na kliszy znajd\u0119 co\u015b z Czech. \ud83d\ude09 23.02.2008<\/p>\n<\/div>\n","protected":false},"excerpt":{"rendered":"<p>854 225-0 za kilka minut wyruszy z N\u00e1chodu z poci\u0105giem osobowym 5162 do Mezim\u011bst\u00ed. Jak bym nie kombinowa\u0142 z wyborem knot\u00f3w do wrzucenia to nawet na kliszy znajd\u0119 co\u015b z Czech. \ud83d\ude09 23.02.2008<\/p>\n","protected":false},"author":1,"featured_media":14276,"comment_status":"open","ping_status":"","sticky":false,"template":"","format":"standard","meta":{"footnotes":""},"categories":[62,2,120],"tags":[1474,552,50,49,2193,154,1720],"class_list":["post-14275","post","type-post","status-publish","format-standard","has-post-thumbnail","hentry","category-analog","category-kolej","category-rok-2008","tag-2008-02-23","tag-552","tag-cd","tag-czechy","tag-nachod","tag-noc","tag-tab-cz026"],"_links":{"self":[{"href":"https:\/\/wgphoto.pl\/t\/index.php?rest_route=\/wp\/v2\/posts\/14275","targetHints":{"allow":["GET"]}}],"collection":[{"href":"https:\/\/wgphoto.pl\/t\/index.php?rest_route=\/wp\/v2\/posts"}],"about":[{"href":"https:\/\/wgphoto.pl\/t\/index.php?rest_route=\/wp\/v2\/types\/post"}],"author":[{"embeddable":true,"href":"https:\/\/wgphoto.pl\/t\/index.php?rest_route=\/wp\/v2\/users\/1"}],"replies":[{"embeddable":true,"href":"https:\/\/wgphoto.pl\/t\/index.php?rest_route=%2Fwp%2Fv2%2Fcomments&post=14275"}],"version-history":[{"count":1,"href":"https:\/\/wgphoto.pl\/t\/index.php?rest_route=\/wp\/v2\/posts\/14275\/revisions"}],"predecessor-version":[{"id":14277,"href":"https:\/\/wgphoto.pl\/t\/index.php?rest_route=\/wp\/v2\/posts\/14275\/revisions\/14277"}],"wp:featuredmedia":[{"embeddable":true,"href":"https:\/\/wgphoto.pl\/t\/index.php?rest_route=\/wp\/v2\/media\/14276"}],"wp:attachment":[{"href":"https:\/\/wgphoto.pl\/t\/index.php?rest_route=%2Fwp%2Fv2%2Fmedia&parent=14275"}],"wp:term":[{"taxonomy":"category","embeddable":true,"href":"https:\/\/wgphoto.pl\/t\/index.php?rest_route=%2Fwp%2Fv2%2Fcategories&post=14275"},{"taxonomy":"post_tag","embeddable":true,"href":"https:\/\/wgphoto.pl\/t\/index.php?rest_route=%2Fwp%2Fv2%2Ftags&post=14275"}],"curies":[{"name":"wp","href":"https:\/\/api.w.org\/{rel}","templated":true}]}}