{"id":14299,"date":"2025-03-09T17:35:17","date_gmt":"2025-03-09T16:35:17","guid":{"rendered":"https:\/\/wgphoto.pl\/t\/?p=14299"},"modified":"2025-03-09T17:35:17","modified_gmt":"2025-03-09T16:35:17","slug":"kralovec","status":"publish","type":"post","link":"https:\/\/wgphoto.pl\/t\/?p=14299","title":{"rendered":"Kr\u00e1lovec"},"content":{"rendered":"\n<figure class=\"wp-block-image aligncenter size-full\"><img loading=\"lazy\" decoding=\"async\" width=\"990\" height=\"660\" src=\"https:\/\/wgphoto.pl\/t\/wp-content\/uploads\/2025\/03\/dscf6262.jpg\" alt=\"\" class=\"wp-image-14300\" srcset=\"https:\/\/wgphoto.pl\/t\/wp-content\/uploads\/2025\/03\/dscf6262.jpg 990w, https:\/\/wgphoto.pl\/t\/wp-content\/uploads\/2025\/03\/dscf6262-300x200.jpg 300w, https:\/\/wgphoto.pl\/t\/wp-content\/uploads\/2025\/03\/dscf6262-768x512.jpg 768w\" sizes=\"auto, (max-width: 990px) 100vw, 990px\" \/><\/figure>\n\n\n\n<div class=\"wp-block-group has-global-padding is-layout-constrained wp-block-group-is-layout-constrained\">\n<p>Jeden z sze\u015bciu \u0142ykendowych kurs\u00f3w relacji \u017dacl\u00e9\u0159 &#8211; Trutnov hl.n. przyby\u0142 do Kr\u00e1lovca, gdzie po raz pierwszy na swej 22-kilometrowej trasie zmieni kierunek jazdy. Druga taka operacja odb\u0119dzie si\u0119 w Trutnovie-Po\u0159\u00ed\u010d\u00ed. Od czasu zamkni\u0119cia stacji, co nast\u0105pi\u0142o najpewniej wraz z likwidacj\u0105 ca\u0142otygodniowego ruchu pasa\u017cerskiego, motoraki zmienia\u0142y tor na &#8222;polskiej&#8221; g\u0142owicy, co pozwala\u0142o wykona\u0107 oszukane zdj\u0119cie poci\u0105gu wje\u017cd\u017caj\u0105cego na stacj\u0119 od strony Lubawki &#8211; lecz wtedy na taki pomys\u0142 nie wpad\u0142em. Warto tak\u017ce zaznaczy\u0107, \u017ce powy\u017csze zdj\u0119cie przedstawia ostatnie miesi\u0105ce obs\u0142ugi Kr\u00e1lovca przez \u010cesk\u00e9 Dr\u00e1hy lokalnymi osob\u00f3wkami. Z pocz\u0105tkiem wakacji uruchomiono pasa\u017cerskie po\u0142\u0105czenia do Polski. 01.03.2008<\/p>\n<\/div>\n","protected":false},"excerpt":{"rendered":"<p>Jeden z sze\u015bciu \u0142ykendowych kurs\u00f3w relacji \u017dacl\u00e9\u0159 &#8211; Trutnov hl.n. przyby\u0142 do Kr\u00e1lovca, gdzie po raz pierwszy na swej 22-kilometrowej trasie zmieni kierunek jazdy. Druga taka operacja odb\u0119dzie si\u0119 w Trutnovie-Po\u0159\u00ed\u010d\u00ed. Od czasu zamkni\u0119cia stacji, co nast\u0105pi\u0142o najpewniej wraz z likwidacj\u0105 ca\u0142otygodniowego ruchu pasa\u017cerskiego, motoraki zmienia\u0142y tor na &#8222;polskiej&#8221; g\u0142owicy, co pozwala\u0142o wykona\u0107 oszukane zdj\u0119cie [&hellip;]<\/p>\n","protected":false},"author":1,"featured_media":14300,"comment_status":"open","ping_status":"","sticky":false,"template":"","format":"standard","meta":{"footnotes":""},"categories":[2,120],"tags":[3441,92,50,49,13,173,3140,196,94,3141],"class_list":["post-14299","post","type-post","status-publish","format-standard","has-post-thumbnail","hentry","category-kolej","category-rok-2008","tag-2008-03-01","tag-92","tag-cd","tag-czechy","tag-deszcz","tag-koncowki","tag-kralovec","tag-linie-raczej-lokalne","tag-na-kolejowym-koncu-swiata","tag-tab-cz043"],"_links":{"self":[{"href":"https:\/\/wgphoto.pl\/t\/index.php?rest_route=\/wp\/v2\/posts\/14299","targetHints":{"allow":["GET"]}}],"collection":[{"href":"https:\/\/wgphoto.pl\/t\/index.php?rest_route=\/wp\/v2\/posts"}],"about":[{"href":"https:\/\/wgphoto.pl\/t\/index.php?rest_route=\/wp\/v2\/types\/post"}],"author":[{"embeddable":true,"href":"https:\/\/wgphoto.pl\/t\/index.php?rest_route=\/wp\/v2\/users\/1"}],"replies":[{"embeddable":true,"href":"https:\/\/wgphoto.pl\/t\/index.php?rest_route=%2Fwp%2Fv2%2Fcomments&post=14299"}],"version-history":[{"count":1,"href":"https:\/\/wgphoto.pl\/t\/index.php?rest_route=\/wp\/v2\/posts\/14299\/revisions"}],"predecessor-version":[{"id":14301,"href":"https:\/\/wgphoto.pl\/t\/index.php?rest_route=\/wp\/v2\/posts\/14299\/revisions\/14301"}],"wp:featuredmedia":[{"embeddable":true,"href":"https:\/\/wgphoto.pl\/t\/index.php?rest_route=\/wp\/v2\/media\/14300"}],"wp:attachment":[{"href":"https:\/\/wgphoto.pl\/t\/index.php?rest_route=%2Fwp%2Fv2%2Fmedia&parent=14299"}],"wp:term":[{"taxonomy":"category","embeddable":true,"href":"https:\/\/wgphoto.pl\/t\/index.php?rest_route=%2Fwp%2Fv2%2Fcategories&post=14299"},{"taxonomy":"post_tag","embeddable":true,"href":"https:\/\/wgphoto.pl\/t\/index.php?rest_route=%2Fwp%2Fv2%2Ftags&post=14299"}],"curies":[{"name":"wp","href":"https:\/\/api.w.org\/{rel}","templated":true}]}}