{"id":14311,"date":"2025-03-09T17:39:27","date_gmt":"2025-03-09T16:39:27","guid":{"rendered":"https:\/\/wgphoto.pl\/t\/?p=14311"},"modified":"2025-03-09T17:39:27","modified_gmt":"2025-03-09T16:39:27","slug":"jelenia-gora-boleslawiec","status":"publish","type":"post","link":"https:\/\/wgphoto.pl\/t\/?p=14311","title":{"rendered":"Jelenia G\u00f3ra &#8211; Boles\u0142awiec"},"content":{"rendered":"\n<figure class=\"wp-block-image aligncenter size-full\"><img loading=\"lazy\" decoding=\"async\" width=\"900\" height=\"600\" src=\"https:\/\/wgphoto.pl\/t\/wp-content\/uploads\/2025\/03\/dscf5848.jpg\" alt=\"\" class=\"wp-image-14312\" srcset=\"https:\/\/wgphoto.pl\/t\/wp-content\/uploads\/2025\/03\/dscf5848.jpg 900w, https:\/\/wgphoto.pl\/t\/wp-content\/uploads\/2025\/03\/dscf5848-300x200.jpg 300w, https:\/\/wgphoto.pl\/t\/wp-content\/uploads\/2025\/03\/dscf5848-768x512.jpg 768w\" sizes=\"auto, (max-width: 900px) 100vw, 900px\" \/><\/figure>\n\n\n\n<div class=\"wp-block-group has-global-padding is-layout-constrained wp-block-group-is-layout-constrained\">\n<p>Tablica kierunkowa poci\u0105gu z poprzedniego zdj\u0119cia, po zmianie relacji na przeciwn\u0105 w Jeleniej G\u00f3rze. 23.12.2007<\/p>\n<\/div>\n","protected":false},"excerpt":{"rendered":"<p>Tablica kierunkowa poci\u0105gu z poprzedniego zdj\u0119cia, po zmianie relacji na przeciwn\u0105 w Jeleniej G\u00f3rze. 23.12.2007<\/p>\n","protected":false},"author":1,"featured_media":14312,"comment_status":"open","ping_status":"","sticky":false,"template":"","format":"standard","meta":{"footnotes":""},"categories":[220,2,96],"tags":[2340,1997,63,27,363,399],"class_list":["post-14311","post","type-post","status-publish","format-standard","has-post-thumbnail","hentry","category-blo","category-kolej","category-rok-2007","tag-2007-12-23","tag-jelenia-gora","tag-pkp","tag-polska","tag-tab-pl250","tag-tablica-kierunkowa"],"_links":{"self":[{"href":"https:\/\/wgphoto.pl\/t\/index.php?rest_route=\/wp\/v2\/posts\/14311","targetHints":{"allow":["GET"]}}],"collection":[{"href":"https:\/\/wgphoto.pl\/t\/index.php?rest_route=\/wp\/v2\/posts"}],"about":[{"href":"https:\/\/wgphoto.pl\/t\/index.php?rest_route=\/wp\/v2\/types\/post"}],"author":[{"embeddable":true,"href":"https:\/\/wgphoto.pl\/t\/index.php?rest_route=\/wp\/v2\/users\/1"}],"replies":[{"embeddable":true,"href":"https:\/\/wgphoto.pl\/t\/index.php?rest_route=%2Fwp%2Fv2%2Fcomments&post=14311"}],"version-history":[{"count":1,"href":"https:\/\/wgphoto.pl\/t\/index.php?rest_route=\/wp\/v2\/posts\/14311\/revisions"}],"predecessor-version":[{"id":14313,"href":"https:\/\/wgphoto.pl\/t\/index.php?rest_route=\/wp\/v2\/posts\/14311\/revisions\/14313"}],"wp:featuredmedia":[{"embeddable":true,"href":"https:\/\/wgphoto.pl\/t\/index.php?rest_route=\/wp\/v2\/media\/14312"}],"wp:attachment":[{"href":"https:\/\/wgphoto.pl\/t\/index.php?rest_route=%2Fwp%2Fv2%2Fmedia&parent=14311"}],"wp:term":[{"taxonomy":"category","embeddable":true,"href":"https:\/\/wgphoto.pl\/t\/index.php?rest_route=%2Fwp%2Fv2%2Fcategories&post=14311"},{"taxonomy":"post_tag","embeddable":true,"href":"https:\/\/wgphoto.pl\/t\/index.php?rest_route=%2Fwp%2Fv2%2Ftags&post=14311"}],"curies":[{"name":"wp","href":"https:\/\/api.w.org\/{rel}","templated":true}]}}