{"id":14332,"date":"2025-03-09T17:46:56","date_gmt":"2025-03-09T16:46:56","guid":{"rendered":"https:\/\/wgphoto.pl\/t\/?p=14332"},"modified":"2025-03-09T17:46:56","modified_gmt":"2025-03-09T16:46:56","slug":"dobry-motyw-zla-pogoda","status":"publish","type":"post","link":"https:\/\/wgphoto.pl\/t\/?p=14332","title":{"rendered":"Dobry motyw, z\u0142a pogoda"},"content":{"rendered":"\n<figure class=\"wp-block-image aligncenter size-full\"><img loading=\"lazy\" decoding=\"async\" width=\"1200\" height=\"800\" src=\"https:\/\/wgphoto.pl\/t\/wp-content\/uploads\/2025\/03\/IMGP3927-1.jpg\" alt=\"\" class=\"wp-image-14334\" srcset=\"https:\/\/wgphoto.pl\/t\/wp-content\/uploads\/2025\/03\/IMGP3927-1.jpg 1200w, https:\/\/wgphoto.pl\/t\/wp-content\/uploads\/2025\/03\/IMGP3927-1-300x200.jpg 300w, https:\/\/wgphoto.pl\/t\/wp-content\/uploads\/2025\/03\/IMGP3927-1-768x512.jpg 768w\" sizes=\"auto, (max-width: 1200px) 100vw, 1200px\" \/><\/figure>\n\n\n\n<div class=\"wp-block-group has-global-padding is-layout-constrained wp-block-group-is-layout-constrained\">\n<p>Mi\u0119dzynarodowy poci\u0105g osobowy 2661 rel. Liberec &#8211; Szklarska Por\u0119ba G\u00f3rna zawija si\u0119 na \u0142uku po odje\u017adzie z przystanku Doln\u00ed Polubn\u00fd. Uj\u0119cie jest plagiatem pewnego \u017eelpage-motywu, dosy\u0107 oczywistego gdy ju\u017c si\u0119 postawi nog\u0119 na tutejszym peronie, tylko co\u015b \u017eelpage-slun\u00ed\u010dko nie chcia\u0142o za\u015bwieci\u0107. \ud83d\ude09 20.03.2016<\/p>\n<\/div>\n","protected":false},"excerpt":{"rendered":"<p>Mi\u0119dzynarodowy poci\u0105g osobowy 2661 rel. Liberec &#8211; Szklarska Por\u0119ba G\u00f3rna zawija si\u0119 na \u0142uku po odje\u017adzie z przystanku Doln\u00ed Polubn\u00fd. Uj\u0119cie jest plagiatem pewnego \u017eelpage-motywu, dosy\u0107 oczywistego gdy ju\u017c si\u0119 postawi nog\u0119 na tutejszym peronie, tylko co\u015b \u017eelpage-slun\u00ed\u010dko nie chcia\u0142o za\u015bwieci\u0107. \ud83d\ude09 20.03.2016<\/p>\n","protected":false},"author":1,"featured_media":14334,"comment_status":"open","ping_status":"","sticky":false,"template":"","format":"standard","meta":{"footnotes":""},"categories":[2,125],"tags":[3444,1601,50,49,3445,173,118,1599,936],"class_list":["post-14332","post","type-post","status-publish","format-standard","has-post-thumbnail","hentry","category-kolej","category-rok-2016","tag-2016-03-20","tag-1601","tag-cd","tag-czechy","tag-dolni-polubny","tag-koncowki","tag-plany-i-profile","tag-stadler-regio-shuttle","tag-tab-cz036"],"_links":{"self":[{"href":"https:\/\/wgphoto.pl\/t\/index.php?rest_route=\/wp\/v2\/posts\/14332","targetHints":{"allow":["GET"]}}],"collection":[{"href":"https:\/\/wgphoto.pl\/t\/index.php?rest_route=\/wp\/v2\/posts"}],"about":[{"href":"https:\/\/wgphoto.pl\/t\/index.php?rest_route=\/wp\/v2\/types\/post"}],"author":[{"embeddable":true,"href":"https:\/\/wgphoto.pl\/t\/index.php?rest_route=\/wp\/v2\/users\/1"}],"replies":[{"embeddable":true,"href":"https:\/\/wgphoto.pl\/t\/index.php?rest_route=%2Fwp%2Fv2%2Fcomments&post=14332"}],"version-history":[{"count":1,"href":"https:\/\/wgphoto.pl\/t\/index.php?rest_route=\/wp\/v2\/posts\/14332\/revisions"}],"predecessor-version":[{"id":14335,"href":"https:\/\/wgphoto.pl\/t\/index.php?rest_route=\/wp\/v2\/posts\/14332\/revisions\/14335"}],"wp:featuredmedia":[{"embeddable":true,"href":"https:\/\/wgphoto.pl\/t\/index.php?rest_route=\/wp\/v2\/media\/14334"}],"wp:attachment":[{"href":"https:\/\/wgphoto.pl\/t\/index.php?rest_route=%2Fwp%2Fv2%2Fmedia&parent=14332"}],"wp:term":[{"taxonomy":"category","embeddable":true,"href":"https:\/\/wgphoto.pl\/t\/index.php?rest_route=%2Fwp%2Fv2%2Fcategories&post=14332"},{"taxonomy":"post_tag","embeddable":true,"href":"https:\/\/wgphoto.pl\/t\/index.php?rest_route=%2Fwp%2Fv2%2Ftags&post=14332"}],"curies":[{"name":"wp","href":"https:\/\/api.w.org\/{rel}","templated":true}]}}