{"id":14336,"date":"2025-03-09T17:49:27","date_gmt":"2025-03-09T16:49:27","guid":{"rendered":"https:\/\/wgphoto.pl\/t\/?p=14336"},"modified":"2025-03-09T17:49:27","modified_gmt":"2025-03-09T16:49:27","slug":"harrachov-przed-przebudowa","status":"publish","type":"post","link":"https:\/\/wgphoto.pl\/t\/?p=14336","title":{"rendered":"Harrachov przed przebudow\u0105"},"content":{"rendered":"\n<figure class=\"wp-block-image aligncenter size-full\"><img loading=\"lazy\" decoding=\"async\" width=\"1050\" height=\"788\" src=\"https:\/\/wgphoto.pl\/t\/wp-content\/uploads\/2025\/03\/dscf5895.jpg\" alt=\"\" class=\"wp-image-14337\" srcset=\"https:\/\/wgphoto.pl\/t\/wp-content\/uploads\/2025\/03\/dscf5895.jpg 1050w, https:\/\/wgphoto.pl\/t\/wp-content\/uploads\/2025\/03\/dscf5895-300x225.jpg 300w, https:\/\/wgphoto.pl\/t\/wp-content\/uploads\/2025\/03\/dscf5895-768x576.jpg 768w\" sizes=\"auto, (max-width: 1050px) 100vw, 1050px\" \/><\/figure>\n\n\n\n<div class=\"wp-block-group has-global-padding is-layout-constrained wp-block-group-is-layout-constrained\">\n<p>854.202 jako poci\u0105g osobowy 16217 z Liberca sko\u0144czy\u0142 bieg. Wtedy linia kolejowa ko\u0144czy\u0142a si\u0119 w\u0142a\u015bnie tutaj, dalszy odcinek do Polski by\u0142 nieprzejezdny. Z dzisiejszego punktu widzenia egzotycznie wygl\u0105da tak\u017ce Hydra w tym miejscu, cho\u0107 kiedy\u015b pewnie by\u0142 to widok powszechny. 30.12.2007<\/p>\n<\/div>\n","protected":false},"excerpt":{"rendered":"<p>854.202 jako poci\u0105g osobowy 16217 z Liberca sko\u0144czy\u0142 bieg. Wtedy linia kolejowa ko\u0144czy\u0142a si\u0119 w\u0142a\u015bnie tutaj, dalszy odcinek do Polski by\u0142 nieprzejezdny. Z dzisiejszego punktu widzenia egzotycznie wygl\u0105da tak\u017ce Hydra w tym miejscu, cho\u0107 kiedy\u015b pewnie by\u0142 to widok powszechny. 30.12.2007<\/p>\n","protected":false},"author":1,"featured_media":14337,"comment_status":"open","ping_status":"","sticky":false,"template":"","format":"standard","meta":{"footnotes":""},"categories":[2,96],"tags":[2434,552,50,49,2850,94,44,936],"class_list":["post-14336","post","type-post","status-publish","format-standard","has-post-thumbnail","hentry","category-kolej","category-rok-2007","tag-2007-12-30","tag-552","tag-cd","tag-czechy","tag-harrachov","tag-na-kolejowym-koncu-swiata","tag-snieg","tag-tab-cz036"],"_links":{"self":[{"href":"https:\/\/wgphoto.pl\/t\/index.php?rest_route=\/wp\/v2\/posts\/14336","targetHints":{"allow":["GET"]}}],"collection":[{"href":"https:\/\/wgphoto.pl\/t\/index.php?rest_route=\/wp\/v2\/posts"}],"about":[{"href":"https:\/\/wgphoto.pl\/t\/index.php?rest_route=\/wp\/v2\/types\/post"}],"author":[{"embeddable":true,"href":"https:\/\/wgphoto.pl\/t\/index.php?rest_route=\/wp\/v2\/users\/1"}],"replies":[{"embeddable":true,"href":"https:\/\/wgphoto.pl\/t\/index.php?rest_route=%2Fwp%2Fv2%2Fcomments&post=14336"}],"version-history":[{"count":1,"href":"https:\/\/wgphoto.pl\/t\/index.php?rest_route=\/wp\/v2\/posts\/14336\/revisions"}],"predecessor-version":[{"id":14338,"href":"https:\/\/wgphoto.pl\/t\/index.php?rest_route=\/wp\/v2\/posts\/14336\/revisions\/14338"}],"wp:featuredmedia":[{"embeddable":true,"href":"https:\/\/wgphoto.pl\/t\/index.php?rest_route=\/wp\/v2\/media\/14337"}],"wp:attachment":[{"href":"https:\/\/wgphoto.pl\/t\/index.php?rest_route=%2Fwp%2Fv2%2Fmedia&parent=14336"}],"wp:term":[{"taxonomy":"category","embeddable":true,"href":"https:\/\/wgphoto.pl\/t\/index.php?rest_route=%2Fwp%2Fv2%2Fcategories&post=14336"},{"taxonomy":"post_tag","embeddable":true,"href":"https:\/\/wgphoto.pl\/t\/index.php?rest_route=%2Fwp%2Fv2%2Ftags&post=14336"}],"curies":[{"name":"wp","href":"https:\/\/api.w.org\/{rel}","templated":true}]}}