{"id":14342,"date":"2025-03-09T17:52:12","date_gmt":"2025-03-09T16:52:12","guid":{"rendered":"https:\/\/wgphoto.pl\/t\/?p=14342"},"modified":"2025-03-09T17:52:12","modified_gmt":"2025-03-09T16:52:12","slug":"towary-deficytowe","status":"publish","type":"post","link":"https:\/\/wgphoto.pl\/t\/?p=14342","title":{"rendered":"Towary deficytowe"},"content":{"rendered":"\n<figure class=\"wp-block-image aligncenter size-full\"><img loading=\"lazy\" decoding=\"async\" width=\"1050\" height=\"700\" src=\"https:\/\/wgphoto.pl\/t\/wp-content\/uploads\/2025\/03\/dscf8170.jpg\" alt=\"\" class=\"wp-image-14343\" srcset=\"https:\/\/wgphoto.pl\/t\/wp-content\/uploads\/2025\/03\/dscf8170.jpg 1050w, https:\/\/wgphoto.pl\/t\/wp-content\/uploads\/2025\/03\/dscf8170-300x200.jpg 300w, https:\/\/wgphoto.pl\/t\/wp-content\/uploads\/2025\/03\/dscf8170-768x512.jpg 768w\" sizes=\"auto, (max-width: 1050px) 100vw, 1050px\" \/><\/figure>\n\n\n\n<div class=\"wp-block-group has-global-padding is-layout-constrained wp-block-group-is-layout-constrained\">\n<p>Bli\u017cej nieznane wagony na linii 7 przekraczaj\u0105 Odr\u0119 mostem Uniwersyteckim. Dzisiaj [tzn. w 2018] 4-drzwiowe stopi\u0105tki mo\u017cna [by\u0142o] policzy\u0107 na palcach jednej r\u0119ki (o ile w og\u00f3le jeszcze co\u015b si\u0119 osta\u0142o &#8211; nie jestem na bie\u017c\u0105co), \u015bnieg r\u00f3wnie\u017c trudno u\u015bwiadczy\u0107. 18.01.2009<\/p>\n<\/div>\n","protected":false},"excerpt":{"rendered":"<p>Bli\u017cej nieznane wagony na linii 7 przekraczaj\u0105 Odr\u0119 mostem Uniwersyteckim. Dzisiaj [tzn. w 2018] 4-drzwiowe stopi\u0105tki mo\u017cna [by\u0142o] policzy\u0107 na palcach jednej r\u0119ki (o ile w og\u00f3le jeszcze co\u015b si\u0119 osta\u0142o &#8211; nie jestem na bie\u017c\u0105co), \u015bnieg r\u00f3wnie\u017c trudno u\u015bwiadczy\u0107. 18.01.2009<\/p>\n","protected":false},"author":1,"featured_media":14343,"comment_status":"open","ping_status":"","sticky":false,"template":"","format":"standard","meta":{"footnotes":""},"categories":[169,3],"tags":[155,3446,45,42,27,44,41],"class_list":["post-14342","post","type-post","status-publish","format-standard","has-post-thumbnail","hentry","category-rok-2009","category-tramwaj","tag-105na","tag-2009-01-18","tag-most","tag-mpk-wroclaw","tag-polska","tag-snieg","tag-wroclaw"],"_links":{"self":[{"href":"https:\/\/wgphoto.pl\/t\/index.php?rest_route=\/wp\/v2\/posts\/14342","targetHints":{"allow":["GET"]}}],"collection":[{"href":"https:\/\/wgphoto.pl\/t\/index.php?rest_route=\/wp\/v2\/posts"}],"about":[{"href":"https:\/\/wgphoto.pl\/t\/index.php?rest_route=\/wp\/v2\/types\/post"}],"author":[{"embeddable":true,"href":"https:\/\/wgphoto.pl\/t\/index.php?rest_route=\/wp\/v2\/users\/1"}],"replies":[{"embeddable":true,"href":"https:\/\/wgphoto.pl\/t\/index.php?rest_route=%2Fwp%2Fv2%2Fcomments&post=14342"}],"version-history":[{"count":1,"href":"https:\/\/wgphoto.pl\/t\/index.php?rest_route=\/wp\/v2\/posts\/14342\/revisions"}],"predecessor-version":[{"id":14344,"href":"https:\/\/wgphoto.pl\/t\/index.php?rest_route=\/wp\/v2\/posts\/14342\/revisions\/14344"}],"wp:featuredmedia":[{"embeddable":true,"href":"https:\/\/wgphoto.pl\/t\/index.php?rest_route=\/wp\/v2\/media\/14343"}],"wp:attachment":[{"href":"https:\/\/wgphoto.pl\/t\/index.php?rest_route=%2Fwp%2Fv2%2Fmedia&parent=14342"}],"wp:term":[{"taxonomy":"category","embeddable":true,"href":"https:\/\/wgphoto.pl\/t\/index.php?rest_route=%2Fwp%2Fv2%2Fcategories&post=14342"},{"taxonomy":"post_tag","embeddable":true,"href":"https:\/\/wgphoto.pl\/t\/index.php?rest_route=%2Fwp%2Fv2%2Ftags&post=14342"}],"curies":[{"name":"wp","href":"https:\/\/api.w.org\/{rel}","templated":true}]}}