{"id":14345,"date":"2025-03-09T17:53:16","date_gmt":"2025-03-09T16:53:16","guid":{"rendered":"https:\/\/wgphoto.pl\/t\/?p=14345"},"modified":"2025-03-09T17:53:16","modified_gmt":"2025-03-09T16:53:16","slug":"kosciol-garnizonowy","status":"publish","type":"post","link":"https:\/\/wgphoto.pl\/t\/?p=14345","title":{"rendered":"Ko\u015bci\u00f3\u0142 garnizonowy"},"content":{"rendered":"\n<figure class=\"wp-block-image aligncenter size-full\"><img loading=\"lazy\" decoding=\"async\" width=\"1050\" height=\"788\" src=\"https:\/\/wgphoto.pl\/t\/wp-content\/uploads\/2025\/03\/dscf7145.jpg\" alt=\"\" class=\"wp-image-14346\" srcset=\"https:\/\/wgphoto.pl\/t\/wp-content\/uploads\/2025\/03\/dscf7145.jpg 1050w, https:\/\/wgphoto.pl\/t\/wp-content\/uploads\/2025\/03\/dscf7145-300x225.jpg 300w, https:\/\/wgphoto.pl\/t\/wp-content\/uploads\/2025\/03\/dscf7145-768x576.jpg 768w\" sizes=\"auto, (max-width: 1050px) 100vw, 1050px\" \/><\/figure>\n\n\n\n<div class=\"wp-block-group has-global-padding is-layout-constrained wp-block-group-is-layout-constrained\">\n<p>Na \u0142uku pomi\u0119dzy po\u0142udniowym i p\u00f3\u0142nocnym mostem Pomorskim sfotografowany zosta\u0142 tramwaj jedynej w\u00f3wczas kursuj\u0105cej t\u0119dy linii. Kilka lat p\u00f3\u017aniej do 24 do\u0142\u0105czy\u0142a 15, przeniesiona z s\u0105siedniej trasy przez most Sikorskiego. Sama miejsc\u00f3wka obecnie si\u0119 zmienia za spraw\u0105 budynk\u00f3w mieszkalnych stawianych za widocznym ogrodzeniem, za kt\u00f3rym przez wiele lat by\u0142o wielkie nic w samym centrum miasta. Ulica natomiast troch\u0119 podupad\u0142a, a nawierzchnia torowa &#8211; jeszcze bardziej, dzi\u0119ki \u0160kodnikom, kt\u00f3re w miejsce stodw\u00f3jek od kilku lat uje\u017cd\u017caj\u0105 14 i 24. 03.07.2008<\/p>\n<\/div>\n","protected":false},"excerpt":{"rendered":"<p>Na \u0142uku pomi\u0119dzy po\u0142udniowym i p\u00f3\u0142nocnym mostem Pomorskim sfotografowany zosta\u0142 tramwaj jedynej w\u00f3wczas kursuj\u0105cej t\u0119dy linii. Kilka lat p\u00f3\u017aniej do 24 do\u0142\u0105czy\u0142a 15, przeniesiona z s\u0105siedniej trasy przez most Sikorskiego. Sama miejsc\u00f3wka obecnie si\u0119 zmienia za spraw\u0105 budynk\u00f3w mieszkalnych stawianych za widocznym ogrodzeniem, za kt\u00f3rym przez wiele lat by\u0142o wielkie nic w samym centrum miasta. [&hellip;]<\/p>\n","protected":false},"author":1,"featured_media":14346,"comment_status":"open","ping_status":"","sticky":false,"template":"","format":"standard","meta":{"footnotes":""},"categories":[120,3],"tags":[3447,309,42,27,41],"class_list":["post-14345","post","type-post","status-publish","format-standard","has-post-thumbnail","hentry","category-rok-2008","category-tramwaj","tag-2008-07-03","tag-konstal-102na","tag-mpk-wroclaw","tag-polska","tag-wroclaw"],"_links":{"self":[{"href":"https:\/\/wgphoto.pl\/t\/index.php?rest_route=\/wp\/v2\/posts\/14345","targetHints":{"allow":["GET"]}}],"collection":[{"href":"https:\/\/wgphoto.pl\/t\/index.php?rest_route=\/wp\/v2\/posts"}],"about":[{"href":"https:\/\/wgphoto.pl\/t\/index.php?rest_route=\/wp\/v2\/types\/post"}],"author":[{"embeddable":true,"href":"https:\/\/wgphoto.pl\/t\/index.php?rest_route=\/wp\/v2\/users\/1"}],"replies":[{"embeddable":true,"href":"https:\/\/wgphoto.pl\/t\/index.php?rest_route=%2Fwp%2Fv2%2Fcomments&post=14345"}],"version-history":[{"count":1,"href":"https:\/\/wgphoto.pl\/t\/index.php?rest_route=\/wp\/v2\/posts\/14345\/revisions"}],"predecessor-version":[{"id":14347,"href":"https:\/\/wgphoto.pl\/t\/index.php?rest_route=\/wp\/v2\/posts\/14345\/revisions\/14347"}],"wp:featuredmedia":[{"embeddable":true,"href":"https:\/\/wgphoto.pl\/t\/index.php?rest_route=\/wp\/v2\/media\/14346"}],"wp:attachment":[{"href":"https:\/\/wgphoto.pl\/t\/index.php?rest_route=%2Fwp%2Fv2%2Fmedia&parent=14345"}],"wp:term":[{"taxonomy":"category","embeddable":true,"href":"https:\/\/wgphoto.pl\/t\/index.php?rest_route=%2Fwp%2Fv2%2Fcategories&post=14345"},{"taxonomy":"post_tag","embeddable":true,"href":"https:\/\/wgphoto.pl\/t\/index.php?rest_route=%2Fwp%2Fv2%2Ftags&post=14345"}],"curies":[{"name":"wp","href":"https:\/\/api.w.org\/{rel}","templated":true}]}}