{"id":14351,"date":"2025-03-09T17:55:05","date_gmt":"2025-03-09T16:55:05","guid":{"rendered":"https:\/\/wgphoto.pl\/t\/?p=14351"},"modified":"2025-03-09T17:55:05","modified_gmt":"2025-03-09T16:55:05","slug":"pierwsza-druga-zmiana","status":"publish","type":"post","link":"https:\/\/wgphoto.pl\/t\/?p=14351","title":{"rendered":"Pierwsza druga zmiana"},"content":{"rendered":"\n<figure class=\"wp-block-image aligncenter size-full\"><img loading=\"lazy\" decoding=\"async\" width=\"1050\" height=\"700\" src=\"https:\/\/wgphoto.pl\/t\/wp-content\/uploads\/2025\/03\/dscf7226.jpg\" alt=\"\" class=\"wp-image-14352\" srcset=\"https:\/\/wgphoto.pl\/t\/wp-content\/uploads\/2025\/03\/dscf7226.jpg 1050w, https:\/\/wgphoto.pl\/t\/wp-content\/uploads\/2025\/03\/dscf7226-300x200.jpg 300w, https:\/\/wgphoto.pl\/t\/wp-content\/uploads\/2025\/03\/dscf7226-768x512.jpg 768w\" sizes=\"auto, (max-width: 1050px) 100vw, 1050px\" \/><\/figure>\n\n\n\n<div class=\"wp-block-group has-global-padding is-layout-constrained wp-block-group-is-layout-constrained\">\n<p>Nie min\u0105\u0142 jeszcze miesi\u0105c mojej pracy w MPK, a ja, je\u017cd\u017c\u0105c wtedy tylko na drugie zmiany, pierwszy raz dosta\u0142em wyjazd z zajezdni &#8211; po godz. 16. 31.07.2008<\/p>\n<\/div>\n","protected":false},"excerpt":{"rendered":"<p>Nie min\u0105\u0142 jeszcze miesi\u0105c mojej pracy w MPK, a ja, je\u017cd\u017c\u0105c wtedy tylko na drugie zmiany, pierwszy raz dosta\u0142em wyjazd z zajezdni &#8211; po godz. 16. 31.07.2008<\/p>\n","protected":false},"author":1,"featured_media":14352,"comment_status":"open","ping_status":"","sticky":false,"template":"","format":"standard","meta":{"footnotes":""},"categories":[120,3],"tags":[3381,309,42,27,439,41,138],"class_list":["post-14351","post","type-post","status-publish","format-standard","has-post-thumbnail","hentry","category-rok-2008","category-tramwaj","tag-2008-07-31","tag-konstal-102na","tag-mpk-wroclaw","tag-polska","tag-we-fabryce","tag-wroclaw","tag-zajezdnia"],"_links":{"self":[{"href":"https:\/\/wgphoto.pl\/t\/index.php?rest_route=\/wp\/v2\/posts\/14351","targetHints":{"allow":["GET"]}}],"collection":[{"href":"https:\/\/wgphoto.pl\/t\/index.php?rest_route=\/wp\/v2\/posts"}],"about":[{"href":"https:\/\/wgphoto.pl\/t\/index.php?rest_route=\/wp\/v2\/types\/post"}],"author":[{"embeddable":true,"href":"https:\/\/wgphoto.pl\/t\/index.php?rest_route=\/wp\/v2\/users\/1"}],"replies":[{"embeddable":true,"href":"https:\/\/wgphoto.pl\/t\/index.php?rest_route=%2Fwp%2Fv2%2Fcomments&post=14351"}],"version-history":[{"count":1,"href":"https:\/\/wgphoto.pl\/t\/index.php?rest_route=\/wp\/v2\/posts\/14351\/revisions"}],"predecessor-version":[{"id":14353,"href":"https:\/\/wgphoto.pl\/t\/index.php?rest_route=\/wp\/v2\/posts\/14351\/revisions\/14353"}],"wp:featuredmedia":[{"embeddable":true,"href":"https:\/\/wgphoto.pl\/t\/index.php?rest_route=\/wp\/v2\/media\/14352"}],"wp:attachment":[{"href":"https:\/\/wgphoto.pl\/t\/index.php?rest_route=%2Fwp%2Fv2%2Fmedia&parent=14351"}],"wp:term":[{"taxonomy":"category","embeddable":true,"href":"https:\/\/wgphoto.pl\/t\/index.php?rest_route=%2Fwp%2Fv2%2Fcategories&post=14351"},{"taxonomy":"post_tag","embeddable":true,"href":"https:\/\/wgphoto.pl\/t\/index.php?rest_route=%2Fwp%2Fv2%2Ftags&post=14351"}],"curies":[{"name":"wp","href":"https:\/\/api.w.org\/{rel}","templated":true}]}}