{"id":14354,"date":"2025-03-09T17:56:27","date_gmt":"2025-03-09T16:56:27","guid":{"rendered":"https:\/\/wgphoto.pl\/t\/?p=14354"},"modified":"2025-03-09T17:56:27","modified_gmt":"2025-03-09T16:56:27","slug":"klucznik","status":"publish","type":"post","link":"https:\/\/wgphoto.pl\/t\/?p=14354","title":{"rendered":"Klucznik"},"content":{"rendered":"\n<figure class=\"wp-block-image aligncenter size-full\"><img loading=\"lazy\" decoding=\"async\" width=\"1200\" height=\"795\" src=\"https:\/\/wgphoto.pl\/t\/wp-content\/uploads\/2025\/03\/IMGP5858.jpg\" alt=\"\" class=\"wp-image-14356\" srcset=\"https:\/\/wgphoto.pl\/t\/wp-content\/uploads\/2025\/03\/IMGP5858.jpg 1200w, https:\/\/wgphoto.pl\/t\/wp-content\/uploads\/2025\/03\/IMGP5858-300x199.jpg 300w, https:\/\/wgphoto.pl\/t\/wp-content\/uploads\/2025\/03\/IMGP5858-768x509.jpg 768w\" sizes=\"auto, (max-width: 1200px) 100vw, 1200px\" \/><\/figure>\n\n\n\n<div class=\"wp-block-group has-global-padding is-layout-constrained wp-block-group-is-layout-constrained\">\n<p>Znaj\u0105c d\u0142ugo\u015b\u0107 przerw w weekendowym rozk\u0142adzie \u00f3semki (przez wi\u0119ksz\u0105 cz\u0119\u015b\u0107 dnia 36 minut jazdy do 24 minut postoju) wzi\u0105\u0142em jednak z domu aparat i statyw. Zrobi\u0142em to bez przekonania, bo z tych akurat dw\u00f3ch p\u0119tli mam troch\u0119 uj\u0119\u0107 i my\u015bla\u0142em \u017ce nic nowego ju\u017c nie wymy\u015bl\u0119. A jednak. Na Kar\u0142owicach (dawniej Zawalnej) nie zrobi\u0142em nigdy wcze\u015bniej zdj\u0119cia z najbardziej charakterystycznym, cho\u0107 niepozornym, budynkiem w okolicy. B\u0142oto na budowie drogi rowerowej gratis. Uwa\u017cny obserwator odnajdzie w kadrze r\u00f3wnie\u017c ksi\u0119\u017cyc. 20.01.2018<\/p>\n<\/div>\n","protected":false},"excerpt":{"rendered":"<p>Znaj\u0105c d\u0142ugo\u015b\u0107 przerw w weekendowym rozk\u0142adzie \u00f3semki (przez wi\u0119ksz\u0105 cz\u0119\u015b\u0107 dnia 36 minut jazdy do 24 minut postoju) wzi\u0105\u0142em jednak z domu aparat i statyw. Zrobi\u0142em to bez przekonania, bo z tych akurat dw\u00f3ch p\u0119tli mam troch\u0119 uj\u0119\u0107 i my\u015bla\u0142em \u017ce nic nowego ju\u017c nie wymy\u015bl\u0119. A jednak. Na Kar\u0142owicach (dawniej Zawalnej) nie zrobi\u0142em nigdy [&hellip;]<\/p>\n","protected":false},"author":1,"featured_media":14356,"comment_status":"open","ping_status":"","sticky":false,"template":"","format":"standard","meta":{"footnotes":""},"categories":[156,3],"tags":[43,3448,2859,42,154,27,439,41],"class_list":["post-14354","post","type-post","status-publish","format-standard","has-post-thumbnail","hentry","category-rok-2018","category-tramwaj","tag-105nwr","tag-2018-01-20","tag-ksiezyc","tag-mpk-wroclaw","tag-noc","tag-polska","tag-we-fabryce","tag-wroclaw"],"_links":{"self":[{"href":"https:\/\/wgphoto.pl\/t\/index.php?rest_route=\/wp\/v2\/posts\/14354","targetHints":{"allow":["GET"]}}],"collection":[{"href":"https:\/\/wgphoto.pl\/t\/index.php?rest_route=\/wp\/v2\/posts"}],"about":[{"href":"https:\/\/wgphoto.pl\/t\/index.php?rest_route=\/wp\/v2\/types\/post"}],"author":[{"embeddable":true,"href":"https:\/\/wgphoto.pl\/t\/index.php?rest_route=\/wp\/v2\/users\/1"}],"replies":[{"embeddable":true,"href":"https:\/\/wgphoto.pl\/t\/index.php?rest_route=%2Fwp%2Fv2%2Fcomments&post=14354"}],"version-history":[{"count":1,"href":"https:\/\/wgphoto.pl\/t\/index.php?rest_route=\/wp\/v2\/posts\/14354\/revisions"}],"predecessor-version":[{"id":14357,"href":"https:\/\/wgphoto.pl\/t\/index.php?rest_route=\/wp\/v2\/posts\/14354\/revisions\/14357"}],"wp:featuredmedia":[{"embeddable":true,"href":"https:\/\/wgphoto.pl\/t\/index.php?rest_route=\/wp\/v2\/media\/14356"}],"wp:attachment":[{"href":"https:\/\/wgphoto.pl\/t\/index.php?rest_route=%2Fwp%2Fv2%2Fmedia&parent=14354"}],"wp:term":[{"taxonomy":"category","embeddable":true,"href":"https:\/\/wgphoto.pl\/t\/index.php?rest_route=%2Fwp%2Fv2%2Fcategories&post=14354"},{"taxonomy":"post_tag","embeddable":true,"href":"https:\/\/wgphoto.pl\/t\/index.php?rest_route=%2Fwp%2Fv2%2Ftags&post=14354"}],"curies":[{"name":"wp","href":"https:\/\/api.w.org\/{rel}","templated":true}]}}