{"id":14358,"date":"2025-03-09T17:57:21","date_gmt":"2025-03-09T16:57:21","guid":{"rendered":"https:\/\/wgphoto.pl\/t\/?p=14358"},"modified":"2025-03-09T17:57:21","modified_gmt":"2025-03-09T16:57:21","slug":"noc-na-tarnogaju","status":"publish","type":"post","link":"https:\/\/wgphoto.pl\/t\/?p=14358","title":{"rendered":"Noc na Tarnogaju"},"content":{"rendered":"\n<figure class=\"wp-block-image aligncenter size-full\"><img loading=\"lazy\" decoding=\"async\" width=\"1200\" height=\"795\" src=\"https:\/\/wgphoto.pl\/t\/wp-content\/uploads\/2025\/03\/IMGP5861.jpg\" alt=\"\" class=\"wp-image-14359\" srcset=\"https:\/\/wgphoto.pl\/t\/wp-content\/uploads\/2025\/03\/IMGP5861.jpg 1200w, https:\/\/wgphoto.pl\/t\/wp-content\/uploads\/2025\/03\/IMGP5861-300x199.jpg 300w, https:\/\/wgphoto.pl\/t\/wp-content\/uploads\/2025\/03\/IMGP5861-768x509.jpg 768w\" sizes=\"auto, (max-width: 1200px) 100vw, 1200px\" \/><\/figure>\n\n\n\n<div class=\"wp-block-group has-global-padding is-layout-constrained wp-block-group-is-layout-constrained\">\n<p>I jeszcze troch\u0119 wra\u017ce\u0144, kt\u00f3rych na zdj\u0119ciu nie wida\u0107. Wieczorny mr\u00f3z \u015bci\u0105\u0142 ju\u017c na dobre traw\u0119, a powietrze pachnia\u0142o takim &#8222;nocnym mrozem&#8221;, jaki nie wiedzie\u0107 czemu kojarzy mi si\u0119 z noc\u0105 sylwestrow\u0105. Za dzieciaka noc sylwestrowa by\u0142a jedn\u0105 z nielicznych w roku, sp\u0119dzanych (cz\u0119\u015bciowo) na dworze. Od tamtej pory bywa\u0142em przecie\u017c zimow\u0105 noc\u0105 na mie\u015bcie setki razy, ale skojarzenie najwidoczniej zosta\u0142o. 2018-01-20<\/p>\n<\/div>\n","protected":false},"excerpt":{"rendered":"<p>I jeszcze troch\u0119 wra\u017ce\u0144, kt\u00f3rych na zdj\u0119ciu nie wida\u0107. Wieczorny mr\u00f3z \u015bci\u0105\u0142 ju\u017c na dobre traw\u0119, a powietrze pachnia\u0142o takim &#8222;nocnym mrozem&#8221;, jaki nie wiedzie\u0107 czemu kojarzy mi si\u0119 z noc\u0105 sylwestrow\u0105. Za dzieciaka noc sylwestrowa by\u0142a jedn\u0105 z nielicznych w roku, sp\u0119dzanych (cz\u0119\u015bciowo) na dworze. Od tamtej pory bywa\u0142em przecie\u017c zimow\u0105 noc\u0105 na mie\u015bcie [&hellip;]<\/p>\n","protected":false},"author":1,"featured_media":14359,"comment_status":"open","ping_status":"","sticky":false,"template":"","format":"standard","meta":{"footnotes":""},"categories":[156,3],"tags":[43,3448,42,154,27,439,41],"class_list":["post-14358","post","type-post","status-publish","format-standard","has-post-thumbnail","hentry","category-rok-2018","category-tramwaj","tag-105nwr","tag-2018-01-20","tag-mpk-wroclaw","tag-noc","tag-polska","tag-we-fabryce","tag-wroclaw"],"_links":{"self":[{"href":"https:\/\/wgphoto.pl\/t\/index.php?rest_route=\/wp\/v2\/posts\/14358","targetHints":{"allow":["GET"]}}],"collection":[{"href":"https:\/\/wgphoto.pl\/t\/index.php?rest_route=\/wp\/v2\/posts"}],"about":[{"href":"https:\/\/wgphoto.pl\/t\/index.php?rest_route=\/wp\/v2\/types\/post"}],"author":[{"embeddable":true,"href":"https:\/\/wgphoto.pl\/t\/index.php?rest_route=\/wp\/v2\/users\/1"}],"replies":[{"embeddable":true,"href":"https:\/\/wgphoto.pl\/t\/index.php?rest_route=%2Fwp%2Fv2%2Fcomments&post=14358"}],"version-history":[{"count":1,"href":"https:\/\/wgphoto.pl\/t\/index.php?rest_route=\/wp\/v2\/posts\/14358\/revisions"}],"predecessor-version":[{"id":14360,"href":"https:\/\/wgphoto.pl\/t\/index.php?rest_route=\/wp\/v2\/posts\/14358\/revisions\/14360"}],"wp:featuredmedia":[{"embeddable":true,"href":"https:\/\/wgphoto.pl\/t\/index.php?rest_route=\/wp\/v2\/media\/14359"}],"wp:attachment":[{"href":"https:\/\/wgphoto.pl\/t\/index.php?rest_route=%2Fwp%2Fv2%2Fmedia&parent=14358"}],"wp:term":[{"taxonomy":"category","embeddable":true,"href":"https:\/\/wgphoto.pl\/t\/index.php?rest_route=%2Fwp%2Fv2%2Fcategories&post=14358"},{"taxonomy":"post_tag","embeddable":true,"href":"https:\/\/wgphoto.pl\/t\/index.php?rest_route=%2Fwp%2Fv2%2Ftags&post=14358"}],"curies":[{"name":"wp","href":"https:\/\/api.w.org\/{rel}","templated":true}]}}