{"id":14361,"date":"2025-03-09T17:58:21","date_gmt":"2025-03-09T16:58:21","guid":{"rendered":"https:\/\/wgphoto.pl\/t\/?p=14361"},"modified":"2025-03-09T17:58:21","modified_gmt":"2025-03-09T16:58:21","slug":"miedzy-zoltym-a-niebieskim","status":"publish","type":"post","link":"https:\/\/wgphoto.pl\/t\/?p=14361","title":{"rendered":"Mi\u0119dzy \u017c\u00f3\u0142tym a niebieskim"},"content":{"rendered":"\n<figure class=\"wp-block-image aligncenter size-full\"><img loading=\"lazy\" decoding=\"async\" width=\"1200\" height=\"795\" src=\"https:\/\/wgphoto.pl\/t\/wp-content\/uploads\/2025\/03\/IMGP5863.jpg\" alt=\"\" class=\"wp-image-14362\" srcset=\"https:\/\/wgphoto.pl\/t\/wp-content\/uploads\/2025\/03\/IMGP5863.jpg 1200w, https:\/\/wgphoto.pl\/t\/wp-content\/uploads\/2025\/03\/IMGP5863-300x199.jpg 300w, https:\/\/wgphoto.pl\/t\/wp-content\/uploads\/2025\/03\/IMGP5863-768x509.jpg 768w\" sizes=\"auto, (max-width: 1200px) 100vw, 1200px\" \/><\/figure>\n\n\n\n<div class=\"wp-block-group has-global-padding is-layout-constrained wp-block-group-is-layout-constrained\">\n<p>To kolejny kadr z p\u0119tli \u00f3semki, kt\u00f3ry jest wr\u0119cz banalny, a takiego nie mia\u0142em. Nie mia\u0142em, bo pr\u00f3buj\u0105c kiedy\u015b wykona\u0107 podobny zniech\u0119ci\u0142em si\u0119 po tym, jak nie uda\u0142o mi si\u0119 po wielokrotnych pr\u00f3bach doprowadzi\u0107 do porz\u0105dku barw na zdj\u0119ciu, a to z kolei spowodowane by\u0142o tym co wida\u0107 i tutaj &#8211; paskudnie \u017c\u00f3\u0142t\u0105 barw\u0105 latar\u0144. Dopiero zimne o\u015bwietlenie d\u017awig\u00f3w na budowie pozwoli\u0142o z\u0142apa\u0107 jaki\u015b barwny punkt odniesienia i pomimo wyst\u0119puj\u0105cego nadal og\u00f3lnego za\u017c\u00f3\u0142cenia foto prezentuje si\u0119 ju\u017c zno\u015bnie. 2018-01-20<\/p>\n<\/div>\n","protected":false},"excerpt":{"rendered":"<p>To kolejny kadr z p\u0119tli \u00f3semki, kt\u00f3ry jest wr\u0119cz banalny, a takiego nie mia\u0142em. Nie mia\u0142em, bo pr\u00f3buj\u0105c kiedy\u015b wykona\u0107 podobny zniech\u0119ci\u0142em si\u0119 po tym, jak nie uda\u0142o mi si\u0119 po wielokrotnych pr\u00f3bach doprowadzi\u0107 do porz\u0105dku barw na zdj\u0119ciu, a to z kolei spowodowane by\u0142o tym co wida\u0107 i tutaj &#8211; paskudnie \u017c\u00f3\u0142t\u0105 barw\u0105 latar\u0144. [&hellip;]<\/p>\n","protected":false},"author":1,"featured_media":14362,"comment_status":"open","ping_status":"","sticky":false,"template":"","format":"standard","meta":{"footnotes":""},"categories":[156,3],"tags":[43,3448,42,154,27,439,41],"class_list":["post-14361","post","type-post","status-publish","format-standard","has-post-thumbnail","hentry","category-rok-2018","category-tramwaj","tag-105nwr","tag-2018-01-20","tag-mpk-wroclaw","tag-noc","tag-polska","tag-we-fabryce","tag-wroclaw"],"_links":{"self":[{"href":"https:\/\/wgphoto.pl\/t\/index.php?rest_route=\/wp\/v2\/posts\/14361","targetHints":{"allow":["GET"]}}],"collection":[{"href":"https:\/\/wgphoto.pl\/t\/index.php?rest_route=\/wp\/v2\/posts"}],"about":[{"href":"https:\/\/wgphoto.pl\/t\/index.php?rest_route=\/wp\/v2\/types\/post"}],"author":[{"embeddable":true,"href":"https:\/\/wgphoto.pl\/t\/index.php?rest_route=\/wp\/v2\/users\/1"}],"replies":[{"embeddable":true,"href":"https:\/\/wgphoto.pl\/t\/index.php?rest_route=%2Fwp%2Fv2%2Fcomments&post=14361"}],"version-history":[{"count":1,"href":"https:\/\/wgphoto.pl\/t\/index.php?rest_route=\/wp\/v2\/posts\/14361\/revisions"}],"predecessor-version":[{"id":14363,"href":"https:\/\/wgphoto.pl\/t\/index.php?rest_route=\/wp\/v2\/posts\/14361\/revisions\/14363"}],"wp:featuredmedia":[{"embeddable":true,"href":"https:\/\/wgphoto.pl\/t\/index.php?rest_route=\/wp\/v2\/media\/14362"}],"wp:attachment":[{"href":"https:\/\/wgphoto.pl\/t\/index.php?rest_route=%2Fwp%2Fv2%2Fmedia&parent=14361"}],"wp:term":[{"taxonomy":"category","embeddable":true,"href":"https:\/\/wgphoto.pl\/t\/index.php?rest_route=%2Fwp%2Fv2%2Fcategories&post=14361"},{"taxonomy":"post_tag","embeddable":true,"href":"https:\/\/wgphoto.pl\/t\/index.php?rest_route=%2Fwp%2Fv2%2Ftags&post=14361"}],"curies":[{"name":"wp","href":"https:\/\/api.w.org\/{rel}","templated":true}]}}