{"id":14364,"date":"2025-03-09T19:34:25","date_gmt":"2025-03-09T18:34:25","guid":{"rendered":"https:\/\/wgphoto.pl\/t\/?p=14364"},"modified":"2025-03-09T19:34:25","modified_gmt":"2025-03-09T18:34:25","slug":"sp32-069","status":"publish","type":"post","link":"https:\/\/wgphoto.pl\/t\/?p=14364","title":{"rendered":"SP32-069"},"content":{"rendered":"\n<figure class=\"wp-block-image aligncenter size-full\"><img loading=\"lazy\" decoding=\"async\" width=\"1400\" height=\"883\" src=\"https:\/\/wgphoto.pl\/t\/wp-content\/uploads\/2025\/03\/2002e-04_rsn.jpg\" alt=\"\" class=\"wp-image-14365\" srcset=\"https:\/\/wgphoto.pl\/t\/wp-content\/uploads\/2025\/03\/2002e-04_rsn.jpg 1400w, https:\/\/wgphoto.pl\/t\/wp-content\/uploads\/2025\/03\/2002e-04_rsn-300x189.jpg 300w, https:\/\/wgphoto.pl\/t\/wp-content\/uploads\/2025\/03\/2002e-04_rsn-768x484.jpg 768w\" sizes=\"auto, (max-width: 1400px) 100vw, 1400px\" \/><\/figure>\n\n\n\n<div class=\"wp-block-group has-global-padding is-layout-constrained wp-block-group-is-layout-constrained\">\n<p>SP32-069 z poci\u0105giem osobowym 7725 z Wa\u0142brzycha G\u0142. do Lubawki rusza z Kamiennej G\u00f3ry. 09.03.2002<\/p>\n<\/div>\n","protected":false},"excerpt":{"rendered":"<p>SP32-069 z poci\u0105giem osobowym 7725 z Wa\u0142brzycha G\u0142. do Lubawki rusza z Kamiennej G\u00f3ry. 09.03.2002<\/p>\n","protected":false},"author":1,"featured_media":14365,"comment_status":"open","ping_status":"","sticky":false,"template":"","format":"standard","meta":{"footnotes":""},"categories":[62,2,577],"tags":[3449,629,63,27,385,627],"class_list":["post-14364","post","type-post","status-publish","format-standard","has-post-thumbnail","hentry","category-analog","category-kolej","category-rok-2002","tag-2002-03-09","tag-kamienna-gora","tag-pkp","tag-polska","tag-sp32","tag-tab-pl247"],"_links":{"self":[{"href":"https:\/\/wgphoto.pl\/t\/index.php?rest_route=\/wp\/v2\/posts\/14364","targetHints":{"allow":["GET"]}}],"collection":[{"href":"https:\/\/wgphoto.pl\/t\/index.php?rest_route=\/wp\/v2\/posts"}],"about":[{"href":"https:\/\/wgphoto.pl\/t\/index.php?rest_route=\/wp\/v2\/types\/post"}],"author":[{"embeddable":true,"href":"https:\/\/wgphoto.pl\/t\/index.php?rest_route=\/wp\/v2\/users\/1"}],"replies":[{"embeddable":true,"href":"https:\/\/wgphoto.pl\/t\/index.php?rest_route=%2Fwp%2Fv2%2Fcomments&post=14364"}],"version-history":[{"count":1,"href":"https:\/\/wgphoto.pl\/t\/index.php?rest_route=\/wp\/v2\/posts\/14364\/revisions"}],"predecessor-version":[{"id":14366,"href":"https:\/\/wgphoto.pl\/t\/index.php?rest_route=\/wp\/v2\/posts\/14364\/revisions\/14366"}],"wp:featuredmedia":[{"embeddable":true,"href":"https:\/\/wgphoto.pl\/t\/index.php?rest_route=\/wp\/v2\/media\/14365"}],"wp:attachment":[{"href":"https:\/\/wgphoto.pl\/t\/index.php?rest_route=%2Fwp%2Fv2%2Fmedia&parent=14364"}],"wp:term":[{"taxonomy":"category","embeddable":true,"href":"https:\/\/wgphoto.pl\/t\/index.php?rest_route=%2Fwp%2Fv2%2Fcategories&post=14364"},{"taxonomy":"post_tag","embeddable":true,"href":"https:\/\/wgphoto.pl\/t\/index.php?rest_route=%2Fwp%2Fv2%2Ftags&post=14364"}],"curies":[{"name":"wp","href":"https:\/\/api.w.org\/{rel}","templated":true}]}}