{"id":14372,"date":"2025-03-09T22:33:26","date_gmt":"2025-03-09T21:33:26","guid":{"rendered":"https:\/\/wgphoto.pl\/t\/?p=14372"},"modified":"2025-03-09T22:33:26","modified_gmt":"2025-03-09T21:33:26","slug":"nieplanowe-krzyzowanie-w-karlinie","status":"publish","type":"post","link":"https:\/\/wgphoto.pl\/t\/?p=14372","title":{"rendered":"Nieplanowe krzy\u017cowanie w Karlinie"},"content":{"rendered":"\n<figure class=\"wp-block-image aligncenter size-full\"><img loading=\"lazy\" decoding=\"async\" width=\"1000\" height=\"750\" src=\"https:\/\/wgphoto.pl\/t\/wp-content\/uploads\/2025\/03\/dscf7272.jpg\" alt=\"\" class=\"wp-image-14373\" srcset=\"https:\/\/wgphoto.pl\/t\/wp-content\/uploads\/2025\/03\/dscf7272.jpg 1000w, https:\/\/wgphoto.pl\/t\/wp-content\/uploads\/2025\/03\/dscf7272-300x225.jpg 300w, https:\/\/wgphoto.pl\/t\/wp-content\/uploads\/2025\/03\/dscf7272-768x576.jpg 768w\" sizes=\"auto, (max-width: 1000px) 100vw, 1000px\" \/><\/figure>\n\n\n\n<div class=\"wp-block-group has-global-padding is-layout-constrained wp-block-group-is-layout-constrained\">\n<p>Jad\u0105cy punktualnie poci\u0105g osobowy 89734 z Ko\u0142obrzegu do Bia\u0142ogardu krzy\u017cuje z op\u00f3\u017anionym o kilkana\u015bcie minut osobowym z\u2026 Wroc\u0142awia. Poci\u0105gi powinny si\u0119 rozk\u0142adowo min\u0105\u0107 o stacj\u0119 dalej &#8211; we Wrzosowie. 2008-08-06<\/p>\n<\/div>\n","protected":false},"excerpt":{"rendered":"<p>Jad\u0105cy punktualnie poci\u0105g osobowy 89734 z Ko\u0142obrzegu do Bia\u0142ogardu krzy\u017cuje z op\u00f3\u017anionym o kilkana\u015bcie minut osobowym z\u2026 Wroc\u0142awia. Poci\u0105gi powinny si\u0119 rozk\u0142adowo min\u0105\u0107 o stacj\u0119 dalej &#8211; we Wrzosowie. 2008-08-06<\/p>\n","protected":false},"author":1,"featured_media":14373,"comment_status":"open","ping_status":"","sticky":false,"template":"","format":"standard","meta":{"footnotes":""},"categories":[2,120],"tags":[123,132,121,63,27,2981],"class_list":["post-14372","post","type-post","status-publish","format-standard","has-post-thumbnail","hentry","category-kolej","category-rok-2008","tag-2008-08-06","tag-en57","tag-karlino","tag-pkp","tag-polska","tag-tab-pl340"],"_links":{"self":[{"href":"https:\/\/wgphoto.pl\/t\/index.php?rest_route=\/wp\/v2\/posts\/14372","targetHints":{"allow":["GET"]}}],"collection":[{"href":"https:\/\/wgphoto.pl\/t\/index.php?rest_route=\/wp\/v2\/posts"}],"about":[{"href":"https:\/\/wgphoto.pl\/t\/index.php?rest_route=\/wp\/v2\/types\/post"}],"author":[{"embeddable":true,"href":"https:\/\/wgphoto.pl\/t\/index.php?rest_route=\/wp\/v2\/users\/1"}],"replies":[{"embeddable":true,"href":"https:\/\/wgphoto.pl\/t\/index.php?rest_route=%2Fwp%2Fv2%2Fcomments&post=14372"}],"version-history":[{"count":1,"href":"https:\/\/wgphoto.pl\/t\/index.php?rest_route=\/wp\/v2\/posts\/14372\/revisions"}],"predecessor-version":[{"id":14374,"href":"https:\/\/wgphoto.pl\/t\/index.php?rest_route=\/wp\/v2\/posts\/14372\/revisions\/14374"}],"wp:featuredmedia":[{"embeddable":true,"href":"https:\/\/wgphoto.pl\/t\/index.php?rest_route=\/wp\/v2\/media\/14373"}],"wp:attachment":[{"href":"https:\/\/wgphoto.pl\/t\/index.php?rest_route=%2Fwp%2Fv2%2Fmedia&parent=14372"}],"wp:term":[{"taxonomy":"category","embeddable":true,"href":"https:\/\/wgphoto.pl\/t\/index.php?rest_route=%2Fwp%2Fv2%2Fcategories&post=14372"},{"taxonomy":"post_tag","embeddable":true,"href":"https:\/\/wgphoto.pl\/t\/index.php?rest_route=%2Fwp%2Fv2%2Ftags&post=14372"}],"curies":[{"name":"wp","href":"https:\/\/api.w.org\/{rel}","templated":true}]}}