{"id":14375,"date":"2025-03-09T22:34:25","date_gmt":"2025-03-09T21:34:25","guid":{"rendered":"https:\/\/wgphoto.pl\/t\/?p=14375"},"modified":"2025-03-09T22:34:25","modified_gmt":"2025-03-09T21:34:25","slug":"dlugodystansowiec","status":"publish","type":"post","link":"https:\/\/wgphoto.pl\/t\/?p=14375","title":{"rendered":"D\u0142ugodystansowiec"},"content":{"rendered":"\n<figure class=\"wp-block-image aligncenter size-full\"><img loading=\"lazy\" decoding=\"async\" width=\"1000\" height=\"750\" src=\"https:\/\/wgphoto.pl\/t\/wp-content\/uploads\/2025\/03\/dscf7271.jpg\" alt=\"\" class=\"wp-image-14376\" srcset=\"https:\/\/wgphoto.pl\/t\/wp-content\/uploads\/2025\/03\/dscf7271.jpg 1000w, https:\/\/wgphoto.pl\/t\/wp-content\/uploads\/2025\/03\/dscf7271-300x225.jpg 300w, https:\/\/wgphoto.pl\/t\/wp-content\/uploads\/2025\/03\/dscf7271-768x576.jpg 768w\" sizes=\"auto, (max-width: 1000px) 100vw, 1000px\" \/><\/figure>\n\n\n\n<div class=\"wp-block-group has-global-padding is-layout-constrained wp-block-group-is-layout-constrained\">\n<p>EN57-674 jako poci\u0105g osobowy 6821 &#8222;Kotwica&#8221; z Wroc\u0142awia G\u0142\u00f3wnego(!) do Ko\u0142obrzegu oczekuje na krzy\u017cowanie. Obok widoczny jest wyremontowany po po\u017carze budynek stacyjny, pozbawiony cz\u0119\u015bci nienadaj\u0105cej si\u0119 do odbudowy. 2008-08-06<\/p>\n<\/div>\n","protected":false},"excerpt":{"rendered":"<p>EN57-674 jako poci\u0105g osobowy 6821 &#8222;Kotwica&#8221; z Wroc\u0142awia G\u0142\u00f3wnego(!) do Ko\u0142obrzegu oczekuje na krzy\u017cowanie. Obok widoczny jest wyremontowany po po\u017carze budynek stacyjny, pozbawiony cz\u0119\u015bci nienadaj\u0105cej si\u0119 do odbudowy. 2008-08-06<\/p>\n","protected":false},"author":1,"featured_media":14376,"comment_status":"open","ping_status":"","sticky":false,"template":"","format":"standard","meta":{"footnotes":""},"categories":[2,120],"tags":[123,132,121,63,27,2981],"class_list":["post-14375","post","type-post","status-publish","format-standard","has-post-thumbnail","hentry","category-kolej","category-rok-2008","tag-2008-08-06","tag-en57","tag-karlino","tag-pkp","tag-polska","tag-tab-pl340"],"_links":{"self":[{"href":"https:\/\/wgphoto.pl\/t\/index.php?rest_route=\/wp\/v2\/posts\/14375","targetHints":{"allow":["GET"]}}],"collection":[{"href":"https:\/\/wgphoto.pl\/t\/index.php?rest_route=\/wp\/v2\/posts"}],"about":[{"href":"https:\/\/wgphoto.pl\/t\/index.php?rest_route=\/wp\/v2\/types\/post"}],"author":[{"embeddable":true,"href":"https:\/\/wgphoto.pl\/t\/index.php?rest_route=\/wp\/v2\/users\/1"}],"replies":[{"embeddable":true,"href":"https:\/\/wgphoto.pl\/t\/index.php?rest_route=%2Fwp%2Fv2%2Fcomments&post=14375"}],"version-history":[{"count":1,"href":"https:\/\/wgphoto.pl\/t\/index.php?rest_route=\/wp\/v2\/posts\/14375\/revisions"}],"predecessor-version":[{"id":14377,"href":"https:\/\/wgphoto.pl\/t\/index.php?rest_route=\/wp\/v2\/posts\/14375\/revisions\/14377"}],"wp:featuredmedia":[{"embeddable":true,"href":"https:\/\/wgphoto.pl\/t\/index.php?rest_route=\/wp\/v2\/media\/14376"}],"wp:attachment":[{"href":"https:\/\/wgphoto.pl\/t\/index.php?rest_route=%2Fwp%2Fv2%2Fmedia&parent=14375"}],"wp:term":[{"taxonomy":"category","embeddable":true,"href":"https:\/\/wgphoto.pl\/t\/index.php?rest_route=%2Fwp%2Fv2%2Fcategories&post=14375"},{"taxonomy":"post_tag","embeddable":true,"href":"https:\/\/wgphoto.pl\/t\/index.php?rest_route=%2Fwp%2Fv2%2Ftags&post=14375"}],"curies":[{"name":"wp","href":"https:\/\/api.w.org\/{rel}","templated":true}]}}