{"id":14390,"date":"2025-03-09T22:39:14","date_gmt":"2025-03-09T21:39:14","guid":{"rendered":"https:\/\/wgphoto.pl\/t\/?p=14390"},"modified":"2025-03-09T22:39:14","modified_gmt":"2025-03-09T21:39:14","slug":"jeszcze-raz","status":"publish","type":"post","link":"https:\/\/wgphoto.pl\/t\/?p=14390","title":{"rendered":"Jeszcze raz"},"content":{"rendered":"\n<figure class=\"wp-block-image aligncenter size-full\"><img loading=\"lazy\" decoding=\"async\" width=\"1200\" height=\"800\" src=\"https:\/\/wgphoto.pl\/t\/wp-content\/uploads\/2025\/03\/0809-13.jpg\" alt=\"\" class=\"wp-image-14391\" srcset=\"https:\/\/wgphoto.pl\/t\/wp-content\/uploads\/2025\/03\/0809-13.jpg 1200w, https:\/\/wgphoto.pl\/t\/wp-content\/uploads\/2025\/03\/0809-13-300x200.jpg 300w, https:\/\/wgphoto.pl\/t\/wp-content\/uploads\/2025\/03\/0809-13-768x512.jpg 768w\" sizes=\"auto, (max-width: 1200px) 100vw, 1200px\" \/><\/figure>\n\n\n\n<div class=\"wp-block-group has-global-padding is-layout-constrained wp-block-group-is-layout-constrained\">\n<p>EU07-364 z poc. posp. 48100 &#8222;Gwarek&#8221; z Katowic do Ustki wje\u017cd\u017ca na stacj\u0119 Karwice. Jeszcze jeden niepublikowany wcze\u015bniej kadr z tej brzydkiej stacji si\u0119 uchowa\u0142, tym razem z mniej dost\u0119pnej, zachodniej g\u0142owicy. 05.08.2008<\/p>\n<\/div>\n","protected":false},"excerpt":{"rendered":"<p>EU07-364 z poc. posp. 48100 &#8222;Gwarek&#8221; z Katowic do Ustki wje\u017cd\u017ca na stacj\u0119 Karwice. Jeszcze jeden niepublikowany wcze\u015bniej kadr z tej brzydkiej stacji si\u0119 uchowa\u0142, tym razem z mniej dost\u0119pnej, zachodniej g\u0142owicy. 05.08.2008<\/p>\n","protected":false},"author":1,"featured_media":14391,"comment_status":"open","ping_status":"","sticky":false,"template":"","format":"standard","meta":{"footnotes":""},"categories":[62,2,120],"tags":[3361,122,3453,63,27,53,909],"class_list":["post-14390","post","type-post","status-publish","format-standard","has-post-thumbnail","hentry","category-analog","category-kolej","category-rok-2008","tag-2008-08-05","tag-eu07","tag-karwice","tag-pkp","tag-polska","tag-sygnalizacja-ksztaltowa","tag-tab-pl380"],"_links":{"self":[{"href":"https:\/\/wgphoto.pl\/t\/index.php?rest_route=\/wp\/v2\/posts\/14390","targetHints":{"allow":["GET"]}}],"collection":[{"href":"https:\/\/wgphoto.pl\/t\/index.php?rest_route=\/wp\/v2\/posts"}],"about":[{"href":"https:\/\/wgphoto.pl\/t\/index.php?rest_route=\/wp\/v2\/types\/post"}],"author":[{"embeddable":true,"href":"https:\/\/wgphoto.pl\/t\/index.php?rest_route=\/wp\/v2\/users\/1"}],"replies":[{"embeddable":true,"href":"https:\/\/wgphoto.pl\/t\/index.php?rest_route=%2Fwp%2Fv2%2Fcomments&post=14390"}],"version-history":[{"count":1,"href":"https:\/\/wgphoto.pl\/t\/index.php?rest_route=\/wp\/v2\/posts\/14390\/revisions"}],"predecessor-version":[{"id":14392,"href":"https:\/\/wgphoto.pl\/t\/index.php?rest_route=\/wp\/v2\/posts\/14390\/revisions\/14392"}],"wp:featuredmedia":[{"embeddable":true,"href":"https:\/\/wgphoto.pl\/t\/index.php?rest_route=\/wp\/v2\/media\/14391"}],"wp:attachment":[{"href":"https:\/\/wgphoto.pl\/t\/index.php?rest_route=%2Fwp%2Fv2%2Fmedia&parent=14390"}],"wp:term":[{"taxonomy":"category","embeddable":true,"href":"https:\/\/wgphoto.pl\/t\/index.php?rest_route=%2Fwp%2Fv2%2Fcategories&post=14390"},{"taxonomy":"post_tag","embeddable":true,"href":"https:\/\/wgphoto.pl\/t\/index.php?rest_route=%2Fwp%2Fv2%2Ftags&post=14390"}],"curies":[{"name":"wp","href":"https:\/\/api.w.org\/{rel}","templated":true}]}}