{"id":14393,"date":"2025-03-09T22:40:06","date_gmt":"2025-03-09T21:40:06","guid":{"rendered":"https:\/\/wgphoto.pl\/t\/?p=14393"},"modified":"2025-03-09T22:40:06","modified_gmt":"2025-03-09T21:40:06","slug":"jr1","status":"publish","type":"post","link":"https:\/\/wgphoto.pl\/t\/?p=14393","title":{"rendered":"Jr1"},"content":{"rendered":"\n<figure class=\"wp-block-image aligncenter size-full\"><img loading=\"lazy\" decoding=\"async\" width=\"1200\" height=\"800\" src=\"https:\/\/wgphoto.pl\/t\/wp-content\/uploads\/2025\/03\/0809-16.jpg\" alt=\"\" class=\"wp-image-14394\" srcset=\"https:\/\/wgphoto.pl\/t\/wp-content\/uploads\/2025\/03\/0809-16.jpg 1200w, https:\/\/wgphoto.pl\/t\/wp-content\/uploads\/2025\/03\/0809-16-300x200.jpg 300w, https:\/\/wgphoto.pl\/t\/wp-content\/uploads\/2025\/03\/0809-16-768x512.jpg 768w\" sizes=\"auto, (max-width: 1200px) 100vw, 1200px\" \/><\/figure>\n\n\n\n<div class=\"wp-block-group has-global-padding is-layout-constrained wp-block-group-is-layout-constrained\">\n<p>EU07-119 z poc. posp. 81512 &#8222;Gryf&#8221; rel. Szczecin G\u0142. &#8211; Suwa\u0142ki mija stacj\u0119 w Jezierzycach S\u0142upskich. Prace przy wymianie semafor\u00f3w na \u015bwietlne ju\u017c trwaj\u0105. 06.08.2008<\/p>\n<\/div>\n","protected":false},"excerpt":{"rendered":"<p>EU07-119 z poc. posp. 81512 &#8222;Gryf&#8221; rel. Szczecin G\u0142. &#8211; Suwa\u0142ki mija stacj\u0119 w Jezierzycach S\u0142upskich. Prace przy wymianie semafor\u00f3w na \u015bwietlne ju\u017c trwaj\u0105. 06.08.2008<\/p>\n","protected":false},"author":1,"featured_media":14394,"comment_status":"open","ping_status":"","sticky":false,"template":"","format":"standard","meta":{"footnotes":""},"categories":[62,2,120],"tags":[123,122,3452,63,27,53,909],"class_list":["post-14393","post","type-post","status-publish","format-standard","has-post-thumbnail","hentry","category-analog","category-kolej","category-rok-2008","tag-2008-08-06","tag-eu07","tag-jezierzyce-slupskie","tag-pkp","tag-polska","tag-sygnalizacja-ksztaltowa","tag-tab-pl380"],"_links":{"self":[{"href":"https:\/\/wgphoto.pl\/t\/index.php?rest_route=\/wp\/v2\/posts\/14393","targetHints":{"allow":["GET"]}}],"collection":[{"href":"https:\/\/wgphoto.pl\/t\/index.php?rest_route=\/wp\/v2\/posts"}],"about":[{"href":"https:\/\/wgphoto.pl\/t\/index.php?rest_route=\/wp\/v2\/types\/post"}],"author":[{"embeddable":true,"href":"https:\/\/wgphoto.pl\/t\/index.php?rest_route=\/wp\/v2\/users\/1"}],"replies":[{"embeddable":true,"href":"https:\/\/wgphoto.pl\/t\/index.php?rest_route=%2Fwp%2Fv2%2Fcomments&post=14393"}],"version-history":[{"count":1,"href":"https:\/\/wgphoto.pl\/t\/index.php?rest_route=\/wp\/v2\/posts\/14393\/revisions"}],"predecessor-version":[{"id":14395,"href":"https:\/\/wgphoto.pl\/t\/index.php?rest_route=\/wp\/v2\/posts\/14393\/revisions\/14395"}],"wp:featuredmedia":[{"embeddable":true,"href":"https:\/\/wgphoto.pl\/t\/index.php?rest_route=\/wp\/v2\/media\/14394"}],"wp:attachment":[{"href":"https:\/\/wgphoto.pl\/t\/index.php?rest_route=%2Fwp%2Fv2%2Fmedia&parent=14393"}],"wp:term":[{"taxonomy":"category","embeddable":true,"href":"https:\/\/wgphoto.pl\/t\/index.php?rest_route=%2Fwp%2Fv2%2Fcategories&post=14393"},{"taxonomy":"post_tag","embeddable":true,"href":"https:\/\/wgphoto.pl\/t\/index.php?rest_route=%2Fwp%2Fv2%2Ftags&post=14393"}],"curies":[{"name":"wp","href":"https:\/\/api.w.org\/{rel}","templated":true}]}}