{"id":14402,"date":"2025-03-09T22:43:11","date_gmt":"2025-03-09T21:43:11","guid":{"rendered":"https:\/\/wgphoto.pl\/t\/?p=14402"},"modified":"2025-03-09T22:43:11","modified_gmt":"2025-03-09T21:43:11","slug":"polski-koniec-swiata","status":"publish","type":"post","link":"https:\/\/wgphoto.pl\/t\/?p=14402","title":{"rendered":"POLSKI koniec \u015bwiata"},"content":{"rendered":"\n<figure class=\"wp-block-image aligncenter size-full\"><img loading=\"lazy\" decoding=\"async\" width=\"1000\" height=\"750\" src=\"https:\/\/wgphoto.pl\/t\/wp-content\/uploads\/2025\/03\/dscf7278.jpg\" alt=\"\" class=\"wp-image-14403\" srcset=\"https:\/\/wgphoto.pl\/t\/wp-content\/uploads\/2025\/03\/dscf7278.jpg 1000w, https:\/\/wgphoto.pl\/t\/wp-content\/uploads\/2025\/03\/dscf7278-300x225.jpg 300w, https:\/\/wgphoto.pl\/t\/wp-content\/uploads\/2025\/03\/dscf7278-768x576.jpg 768w\" sizes=\"auto, (max-width: 1000px) 100vw, 1000px\" \/><\/figure>\n\n\n\n<div class=\"wp-block-group has-global-padding is-layout-constrained wp-block-group-is-layout-constrained\">\n<p>Poci\u0105g osobowy 89048 do Koszalina oczekuje pory odjazdu z Mielna. To jeden z szesnastu(!) kurs\u00f3w tej relacji w ci\u0105gu doby. Odcinek M\u015bcice &#8211; Mielno ponownie uruchomiono dla ruchu pasa\u017cerskiego 19 lipca 2008 roku, po niemal 14 latach przerwy. Rzadko kiedy zdarza mi si\u0119 pope\u0142ni\u0107 foto na &#8222;kolejowym ko\u0144cu Polski&#8221;, poniewa\u017c niewiele z nich jest czynnych w ruchu pasa\u017cerskim. 06.08.2008<\/p>\n<\/div>\n","protected":false},"excerpt":{"rendered":"<p>Poci\u0105g osobowy 89048 do Koszalina oczekuje pory odjazdu z Mielna. To jeden z szesnastu(!) kurs\u00f3w tej relacji w ci\u0105gu doby. Odcinek M\u015bcice &#8211; Mielno ponownie uruchomiono dla ruchu pasa\u017cerskiego 19 lipca 2008 roku, po niemal 14 latach przerwy. Rzadko kiedy zdarza mi si\u0119 pope\u0142ni\u0107 foto na &#8222;kolejowym ko\u0144cu Polski&#8221;, poniewa\u017c niewiele z nich jest czynnych [&hellip;]<\/p>\n","protected":false},"author":1,"featured_media":14403,"comment_status":"open","ping_status":"","sticky":false,"template":"","format":"standard","meta":{"footnotes":""},"categories":[2,120],"tags":[123,173,3456,94,63,27,3457,3458],"class_list":["post-14402","post","type-post","status-publish","format-standard","has-post-thumbnail","hentry","category-kolej","category-rok-2008","tag-2008-08-06","tag-koncowki","tag-mielno","tag-na-kolejowym-koncu-swiata","tag-pkp","tag-polska","tag-sa110","tag-tab-pl382"],"_links":{"self":[{"href":"https:\/\/wgphoto.pl\/t\/index.php?rest_route=\/wp\/v2\/posts\/14402","targetHints":{"allow":["GET"]}}],"collection":[{"href":"https:\/\/wgphoto.pl\/t\/index.php?rest_route=\/wp\/v2\/posts"}],"about":[{"href":"https:\/\/wgphoto.pl\/t\/index.php?rest_route=\/wp\/v2\/types\/post"}],"author":[{"embeddable":true,"href":"https:\/\/wgphoto.pl\/t\/index.php?rest_route=\/wp\/v2\/users\/1"}],"replies":[{"embeddable":true,"href":"https:\/\/wgphoto.pl\/t\/index.php?rest_route=%2Fwp%2Fv2%2Fcomments&post=14402"}],"version-history":[{"count":1,"href":"https:\/\/wgphoto.pl\/t\/index.php?rest_route=\/wp\/v2\/posts\/14402\/revisions"}],"predecessor-version":[{"id":14404,"href":"https:\/\/wgphoto.pl\/t\/index.php?rest_route=\/wp\/v2\/posts\/14402\/revisions\/14404"}],"wp:featuredmedia":[{"embeddable":true,"href":"https:\/\/wgphoto.pl\/t\/index.php?rest_route=\/wp\/v2\/media\/14403"}],"wp:attachment":[{"href":"https:\/\/wgphoto.pl\/t\/index.php?rest_route=%2Fwp%2Fv2%2Fmedia&parent=14402"}],"wp:term":[{"taxonomy":"category","embeddable":true,"href":"https:\/\/wgphoto.pl\/t\/index.php?rest_route=%2Fwp%2Fv2%2Fcategories&post=14402"},{"taxonomy":"post_tag","embeddable":true,"href":"https:\/\/wgphoto.pl\/t\/index.php?rest_route=%2Fwp%2Fv2%2Ftags&post=14402"}],"curies":[{"name":"wp","href":"https:\/\/api.w.org\/{rel}","templated":true}]}}