{"id":14405,"date":"2025-03-09T22:44:02","date_gmt":"2025-03-09T21:44:02","guid":{"rendered":"https:\/\/wgphoto.pl\/t\/?p=14405"},"modified":"2025-03-09T22:44:02","modified_gmt":"2025-03-09T21:44:02","slug":"ujecie-z-przyczepa","status":"publish","type":"post","link":"https:\/\/wgphoto.pl\/t\/?p=14405","title":{"rendered":"Uj\u0119cie z przyczep\u0105"},"content":{"rendered":"\n<figure class=\"wp-block-image aligncenter size-full\"><img loading=\"lazy\" decoding=\"async\" width=\"1000\" height=\"750\" src=\"https:\/\/wgphoto.pl\/t\/wp-content\/uploads\/2025\/03\/dscf7259.jpg\" alt=\"\" class=\"wp-image-14406\" srcset=\"https:\/\/wgphoto.pl\/t\/wp-content\/uploads\/2025\/03\/dscf7259.jpg 1000w, https:\/\/wgphoto.pl\/t\/wp-content\/uploads\/2025\/03\/dscf7259-300x225.jpg 300w, https:\/\/wgphoto.pl\/t\/wp-content\/uploads\/2025\/03\/dscf7259-768x576.jpg 768w\" sizes=\"auto, (max-width: 1000px) 100vw, 1000px\" \/><\/figure>\n\n\n\n<div class=\"wp-block-group has-global-padding is-layout-constrained wp-block-group-is-layout-constrained\">\n<p>Dzie\u0144 wcze\u015bniej w Mielnie pojawi\u0142 si\u0119 zachodniopomorski SA103-008, a wczasowicze wnikliwie studiowali rozk\u0142ad jazdy. 05.08.2008<\/p>\n<\/div>\n","protected":false},"excerpt":{"rendered":"<p>Dzie\u0144 wcze\u015bniej w Mielnie pojawi\u0142 si\u0119 zachodniopomorski SA103-008, a wczasowicze wnikliwie studiowali rozk\u0142ad jazdy. 05.08.2008<\/p>\n","protected":false},"author":1,"featured_media":14406,"comment_status":"open","ping_status":"","sticky":false,"template":"","format":"standard","meta":{"footnotes":""},"categories":[2,120],"tags":[3361,3456,94,63,27,1643,3458],"class_list":["post-14405","post","type-post","status-publish","format-standard","has-post-thumbnail","hentry","category-kolej","category-rok-2008","tag-2008-08-05","tag-mielno","tag-na-kolejowym-koncu-swiata","tag-pkp","tag-polska","tag-sa103","tag-tab-pl382"],"_links":{"self":[{"href":"https:\/\/wgphoto.pl\/t\/index.php?rest_route=\/wp\/v2\/posts\/14405","targetHints":{"allow":["GET"]}}],"collection":[{"href":"https:\/\/wgphoto.pl\/t\/index.php?rest_route=\/wp\/v2\/posts"}],"about":[{"href":"https:\/\/wgphoto.pl\/t\/index.php?rest_route=\/wp\/v2\/types\/post"}],"author":[{"embeddable":true,"href":"https:\/\/wgphoto.pl\/t\/index.php?rest_route=\/wp\/v2\/users\/1"}],"replies":[{"embeddable":true,"href":"https:\/\/wgphoto.pl\/t\/index.php?rest_route=%2Fwp%2Fv2%2Fcomments&post=14405"}],"version-history":[{"count":1,"href":"https:\/\/wgphoto.pl\/t\/index.php?rest_route=\/wp\/v2\/posts\/14405\/revisions"}],"predecessor-version":[{"id":14407,"href":"https:\/\/wgphoto.pl\/t\/index.php?rest_route=\/wp\/v2\/posts\/14405\/revisions\/14407"}],"wp:featuredmedia":[{"embeddable":true,"href":"https:\/\/wgphoto.pl\/t\/index.php?rest_route=\/wp\/v2\/media\/14406"}],"wp:attachment":[{"href":"https:\/\/wgphoto.pl\/t\/index.php?rest_route=%2Fwp%2Fv2%2Fmedia&parent=14405"}],"wp:term":[{"taxonomy":"category","embeddable":true,"href":"https:\/\/wgphoto.pl\/t\/index.php?rest_route=%2Fwp%2Fv2%2Fcategories&post=14405"},{"taxonomy":"post_tag","embeddable":true,"href":"https:\/\/wgphoto.pl\/t\/index.php?rest_route=%2Fwp%2Fv2%2Ftags&post=14405"}],"curies":[{"name":"wp","href":"https:\/\/api.w.org\/{rel}","templated":true}]}}