{"id":14408,"date":"2025-03-09T22:45:23","date_gmt":"2025-03-09T21:45:23","guid":{"rendered":"https:\/\/wgphoto.pl\/t\/?p=14408"},"modified":"2025-03-09T22:45:23","modified_gmt":"2025-03-09T21:45:23","slug":"ze-brazowy-nie-jest-najszczesliwszym-kolorem","status":"publish","type":"post","link":"https:\/\/wgphoto.pl\/t\/?p=14408","title":{"rendered":"\u017be br\u0105zowy nie jest najszcz\u0119\u015bliwszym kolorem"},"content":{"rendered":"\n<figure class=\"wp-block-image aligncenter size-full\"><img loading=\"lazy\" decoding=\"async\" width=\"1200\" height=\"795\" src=\"https:\/\/wgphoto.pl\/t\/wp-content\/uploads\/2025\/03\/IMGP6498.jpg\" alt=\"\" class=\"wp-image-14409\" srcset=\"https:\/\/wgphoto.pl\/t\/wp-content\/uploads\/2025\/03\/IMGP6498.jpg 1200w, https:\/\/wgphoto.pl\/t\/wp-content\/uploads\/2025\/03\/IMGP6498-300x199.jpg 300w, https:\/\/wgphoto.pl\/t\/wp-content\/uploads\/2025\/03\/IMGP6498-768x509.jpg 768w\" sizes=\"auto, (max-width: 1200px) 100vw, 1200px\" \/><\/figure>\n\n\n\n<div class=\"wp-block-group has-global-padding is-layout-constrained wp-block-group-is-layout-constrained\">\n<p>Dwudziestoletnie niskacze ze 100% udzia\u0142em niskiej pod\u0142ogi konstrukcyjnie s\u0105 bardzo OK, ale przyda\u0142by im si\u0119 lifting wn\u0119trza, bo ten dominuj\u0105cy br\u0105z nowoczesno\u015bci z pewno\u015bci\u0105 nie dodaje. 2016-08-16<\/p>\n<\/div>\n","protected":false},"excerpt":{"rendered":"<p>Dwudziestoletnie niskacze ze 100% udzia\u0142em niskiej pod\u0142ogi konstrukcyjnie s\u0105 bardzo OK, ale przyda\u0142by im si\u0119 lifting wn\u0119trza, bo ten dominuj\u0105cy br\u0105z nowoczesno\u015bci z pewno\u015bci\u0105 nie dodaje. 2016-08-16<\/p>\n","protected":false},"author":1,"featured_media":14409,"comment_status":"open","ping_status":"","sticky":false,"template":"","format":"standard","meta":{"footnotes":""},"categories":[220,125,3],"tags":[1263,1265,1264,1266,23,454],"class_list":["post-14408","post","type-post","status-publish","format-standard","has-post-thumbnail","hentry","category-blo","category-rok-2016","category-tramwaj","tag-2016-08-16","tag-gtxn","tag-jena","tag-jenah-jena","tag-niemcy","tag-wnetrza-pojazdow"],"_links":{"self":[{"href":"https:\/\/wgphoto.pl\/t\/index.php?rest_route=\/wp\/v2\/posts\/14408","targetHints":{"allow":["GET"]}}],"collection":[{"href":"https:\/\/wgphoto.pl\/t\/index.php?rest_route=\/wp\/v2\/posts"}],"about":[{"href":"https:\/\/wgphoto.pl\/t\/index.php?rest_route=\/wp\/v2\/types\/post"}],"author":[{"embeddable":true,"href":"https:\/\/wgphoto.pl\/t\/index.php?rest_route=\/wp\/v2\/users\/1"}],"replies":[{"embeddable":true,"href":"https:\/\/wgphoto.pl\/t\/index.php?rest_route=%2Fwp%2Fv2%2Fcomments&post=14408"}],"version-history":[{"count":1,"href":"https:\/\/wgphoto.pl\/t\/index.php?rest_route=\/wp\/v2\/posts\/14408\/revisions"}],"predecessor-version":[{"id":14410,"href":"https:\/\/wgphoto.pl\/t\/index.php?rest_route=\/wp\/v2\/posts\/14408\/revisions\/14410"}],"wp:featuredmedia":[{"embeddable":true,"href":"https:\/\/wgphoto.pl\/t\/index.php?rest_route=\/wp\/v2\/media\/14409"}],"wp:attachment":[{"href":"https:\/\/wgphoto.pl\/t\/index.php?rest_route=%2Fwp%2Fv2%2Fmedia&parent=14408"}],"wp:term":[{"taxonomy":"category","embeddable":true,"href":"https:\/\/wgphoto.pl\/t\/index.php?rest_route=%2Fwp%2Fv2%2Fcategories&post=14408"},{"taxonomy":"post_tag","embeddable":true,"href":"https:\/\/wgphoto.pl\/t\/index.php?rest_route=%2Fwp%2Fv2%2Ftags&post=14408"}],"curies":[{"name":"wp","href":"https:\/\/api.w.org\/{rel}","templated":true}]}}