{"id":14411,"date":"2025-03-09T22:46:28","date_gmt":"2025-03-09T21:46:28","guid":{"rendered":"https:\/\/wgphoto.pl\/t\/?p=14411"},"modified":"2025-03-09T22:46:28","modified_gmt":"2025-03-09T21:46:28","slug":"gt6m-zr-nr-606","status":"publish","type":"post","link":"https:\/\/wgphoto.pl\/t\/?p=14411","title":{"rendered":"GT6M-ZR nr 606"},"content":{"rendered":"\n<figure class=\"wp-block-image aligncenter size-full\"><img loading=\"lazy\" decoding=\"async\" width=\"1200\" height=\"795\" src=\"https:\/\/wgphoto.pl\/t\/wp-content\/uploads\/2025\/03\/IMGP6472.jpg\" alt=\"\" class=\"wp-image-14412\" srcset=\"https:\/\/wgphoto.pl\/t\/wp-content\/uploads\/2025\/03\/IMGP6472.jpg 1200w, https:\/\/wgphoto.pl\/t\/wp-content\/uploads\/2025\/03\/IMGP6472-300x199.jpg 300w, https:\/\/wgphoto.pl\/t\/wp-content\/uploads\/2025\/03\/IMGP6472-768x509.jpg 768w\" sizes=\"auto, (max-width: 1200px) 100vw, 1200px\" \/><\/figure>\n\n\n\n<div class=\"wp-block-group has-global-padding is-layout-constrained wp-block-group-is-layout-constrained\">\n<p>Bezkolizyjny i odwa\u017cnie poprowadzony &#8211; jak wi\u0119kszo\u015b\u0107 tutejszej sieci &#8211; odcinek mi\u0119dzy dzielnicami G\u00f6schwitz, gdzie mieszcz\u0105 si\u0119 zak\u0142ady Zeissa, i &#8222;sypialni\u0105&#8221; Lobeda. Ale bym po\u0142azi\u0142 po tych g\u00f3rkach &#8211; stamt\u0105d musi by\u0107 mn\u00f3stwo wspania\u0142ych widok\u00f3w na miasto. 2016-08-16<\/p>\n<\/div>\n","protected":false},"excerpt":{"rendered":"<p>Bezkolizyjny i odwa\u017cnie poprowadzony &#8211; jak wi\u0119kszo\u015b\u0107 tutejszej sieci &#8211; odcinek mi\u0119dzy dzielnicami G\u00f6schwitz, gdzie mieszcz\u0105 si\u0119 zak\u0142ady Zeissa, i &#8222;sypialni\u0105&#8221; Lobeda. Ale bym po\u0142azi\u0142 po tych g\u00f3rkach &#8211; stamt\u0105d musi by\u0107 mn\u00f3stwo wspania\u0142ych widok\u00f3w na miasto. 2016-08-16<\/p>\n","protected":false},"author":1,"featured_media":14412,"comment_status":"open","ping_status":"","sticky":false,"template":"","format":"standard","meta":{"footnotes":""},"categories":[125,3],"tags":[1263,1265,1264,1266,23],"class_list":["post-14411","post","type-post","status-publish","format-standard","has-post-thumbnail","hentry","category-rok-2016","category-tramwaj","tag-2016-08-16","tag-gtxn","tag-jena","tag-jenah-jena","tag-niemcy"],"_links":{"self":[{"href":"https:\/\/wgphoto.pl\/t\/index.php?rest_route=\/wp\/v2\/posts\/14411","targetHints":{"allow":["GET"]}}],"collection":[{"href":"https:\/\/wgphoto.pl\/t\/index.php?rest_route=\/wp\/v2\/posts"}],"about":[{"href":"https:\/\/wgphoto.pl\/t\/index.php?rest_route=\/wp\/v2\/types\/post"}],"author":[{"embeddable":true,"href":"https:\/\/wgphoto.pl\/t\/index.php?rest_route=\/wp\/v2\/users\/1"}],"replies":[{"embeddable":true,"href":"https:\/\/wgphoto.pl\/t\/index.php?rest_route=%2Fwp%2Fv2%2Fcomments&post=14411"}],"version-history":[{"count":1,"href":"https:\/\/wgphoto.pl\/t\/index.php?rest_route=\/wp\/v2\/posts\/14411\/revisions"}],"predecessor-version":[{"id":14413,"href":"https:\/\/wgphoto.pl\/t\/index.php?rest_route=\/wp\/v2\/posts\/14411\/revisions\/14413"}],"wp:featuredmedia":[{"embeddable":true,"href":"https:\/\/wgphoto.pl\/t\/index.php?rest_route=\/wp\/v2\/media\/14412"}],"wp:attachment":[{"href":"https:\/\/wgphoto.pl\/t\/index.php?rest_route=%2Fwp%2Fv2%2Fmedia&parent=14411"}],"wp:term":[{"taxonomy":"category","embeddable":true,"href":"https:\/\/wgphoto.pl\/t\/index.php?rest_route=%2Fwp%2Fv2%2Fcategories&post=14411"},{"taxonomy":"post_tag","embeddable":true,"href":"https:\/\/wgphoto.pl\/t\/index.php?rest_route=%2Fwp%2Fv2%2Ftags&post=14411"}],"curies":[{"name":"wp","href":"https:\/\/api.w.org\/{rel}","templated":true}]}}