{"id":14414,"date":"2025-03-09T22:47:29","date_gmt":"2025-03-09T21:47:29","guid":{"rendered":"https:\/\/wgphoto.pl\/t\/?p=14414"},"modified":"2025-12-21T20:06:42","modified_gmt":"2025-12-21T19:06:42","slug":"s109j-nr-703","status":"publish","type":"post","link":"https:\/\/wgphoto.pl\/t\/?p=14414","title":{"rendered":"S109J nr 703"},"content":{"rendered":"\n<figure class=\"wp-block-image aligncenter size-full\"><img loading=\"lazy\" decoding=\"async\" width=\"1400\" height=\"927\" src=\"https:\/\/wgphoto.pl\/t\/wp-content\/uploads\/2025\/03\/IMGP6518-1.jpg\" alt=\"\" class=\"wp-image-22477\" srcset=\"https:\/\/wgphoto.pl\/t\/wp-content\/uploads\/2025\/03\/IMGP6518-1.jpg 1400w, https:\/\/wgphoto.pl\/t\/wp-content\/uploads\/2025\/03\/IMGP6518-1-300x199.jpg 300w, https:\/\/wgphoto.pl\/t\/wp-content\/uploads\/2025\/03\/IMGP6518-1-768x509.jpg 768w\" sizes=\"auto, (max-width: 1400px) 100vw, 1400px\" \/><\/figure>\n\n\n\n<div class=\"wp-block-group has-global-padding is-layout-constrained wp-block-group-is-layout-constrained\">\n<p>Jena jest bardzo \u0142adnie po\u0142o\u017cona wzd\u0142u\u017c So\u0142awy oraz pomi\u0119dzy pag\u00f3rkami, co determinuje uk\u0142ad sieci tramwajowej rozci\u0105gni\u0119ty w osi p\u00f3\u0142noc-po\u0142udnie. Istnieje kilka stosunkowo d\u0142ugich odcink\u00f3w mi\u0119dzy s\u0105siednimi osiedlami, kt\u00f3re zdecydowanie nie zdradzaj\u0105 s\u0105siedztwa cywilizacji. W takich okoliczno\u015bciach przyrody opr\u00f3cz 33 niskaczy niemieckiej produkcji, od 2013 roku kursuje 5 Solaris\u00f3w Tramino. Niemcy kupili te pojazdy w ciemno, by\u0142y to bowiem pierwsze egzemplarze z tej udanej imho rodziny tramwaj\u00f3w. 2016-08-16<\/p>\n<\/div>\n","protected":false},"excerpt":{"rendered":"<p>Jena jest bardzo \u0142adnie po\u0142o\u017cona wzd\u0142u\u017c So\u0142awy oraz pomi\u0119dzy pag\u00f3rkami, co determinuje uk\u0142ad sieci tramwajowej rozci\u0105gni\u0119ty w osi p\u00f3\u0142noc-po\u0142udnie. Istnieje kilka stosunkowo d\u0142ugich odcink\u00f3w mi\u0119dzy s\u0105siednimi osiedlami, kt\u00f3re zdecydowanie nie zdradzaj\u0105 s\u0105siedztwa cywilizacji. W takich okoliczno\u015bciach przyrody opr\u00f3cz 33 niskaczy niemieckiej produkcji, od 2013 roku kursuje 5 Solaris\u00f3w Tramino. Niemcy kupili te pojazdy w ciemno, [&hellip;]<\/p>\n","protected":false},"author":1,"featured_media":22477,"comment_status":"open","ping_status":"","sticky":false,"template":"","format":"standard","meta":{"footnotes":""},"categories":[125,3],"tags":[1263,1264,1266,23,237],"class_list":["post-14414","post","type-post","status-publish","format-standard","has-post-thumbnail","hentry","category-rok-2016","category-tramwaj","tag-2016-08-16","tag-jena","tag-jenah-jena","tag-niemcy","tag-solaris-tramino"],"_links":{"self":[{"href":"https:\/\/wgphoto.pl\/t\/index.php?rest_route=\/wp\/v2\/posts\/14414","targetHints":{"allow":["GET"]}}],"collection":[{"href":"https:\/\/wgphoto.pl\/t\/index.php?rest_route=\/wp\/v2\/posts"}],"about":[{"href":"https:\/\/wgphoto.pl\/t\/index.php?rest_route=\/wp\/v2\/types\/post"}],"author":[{"embeddable":true,"href":"https:\/\/wgphoto.pl\/t\/index.php?rest_route=\/wp\/v2\/users\/1"}],"replies":[{"embeddable":true,"href":"https:\/\/wgphoto.pl\/t\/index.php?rest_route=%2Fwp%2Fv2%2Fcomments&post=14414"}],"version-history":[{"count":2,"href":"https:\/\/wgphoto.pl\/t\/index.php?rest_route=\/wp\/v2\/posts\/14414\/revisions"}],"predecessor-version":[{"id":22478,"href":"https:\/\/wgphoto.pl\/t\/index.php?rest_route=\/wp\/v2\/posts\/14414\/revisions\/22478"}],"wp:featuredmedia":[{"embeddable":true,"href":"https:\/\/wgphoto.pl\/t\/index.php?rest_route=\/wp\/v2\/media\/22477"}],"wp:attachment":[{"href":"https:\/\/wgphoto.pl\/t\/index.php?rest_route=%2Fwp%2Fv2%2Fmedia&parent=14414"}],"wp:term":[{"taxonomy":"category","embeddable":true,"href":"https:\/\/wgphoto.pl\/t\/index.php?rest_route=%2Fwp%2Fv2%2Fcategories&post=14414"},{"taxonomy":"post_tag","embeddable":true,"href":"https:\/\/wgphoto.pl\/t\/index.php?rest_route=%2Fwp%2Fv2%2Ftags&post=14414"}],"curies":[{"name":"wp","href":"https:\/\/api.w.org\/{rel}","templated":true}]}}