{"id":14417,"date":"2025-03-09T22:48:30","date_gmt":"2025-03-09T21:48:30","guid":{"rendered":"https:\/\/wgphoto.pl\/t\/?p=14417"},"modified":"2025-03-09T22:48:30","modified_gmt":"2025-03-09T21:48:30","slug":"spokoj-porannego-szczytu","status":"publish","type":"post","link":"https:\/\/wgphoto.pl\/t\/?p=14417","title":{"rendered":"Spok\u00f3j porannego szczytu"},"content":{"rendered":"\n<figure class=\"wp-block-image aligncenter size-full\"><img loading=\"lazy\" decoding=\"async\" width=\"1200\" height=\"795\" src=\"https:\/\/wgphoto.pl\/t\/wp-content\/uploads\/2025\/03\/IMGP6460.jpg\" alt=\"\" class=\"wp-image-14418\" srcset=\"https:\/\/wgphoto.pl\/t\/wp-content\/uploads\/2025\/03\/IMGP6460.jpg 1200w, https:\/\/wgphoto.pl\/t\/wp-content\/uploads\/2025\/03\/IMGP6460-300x199.jpg 300w, https:\/\/wgphoto.pl\/t\/wp-content\/uploads\/2025\/03\/IMGP6460-768x509.jpg 768w\" sizes=\"auto, (max-width: 1200px) 100vw, 1200px\" \/><\/figure>\n\n\n\n<div class=\"wp-block-group has-global-padding is-layout-constrained wp-block-group-is-layout-constrained\">\n<p>Pierwszy rzut oka na Jen\u0119, tu\u017c po wyj\u015bciu z poci\u0105gu na przystanku Jena-Paradies. Bardzo lubi\u0119 &#8222;podgl\u0105da\u0107&#8221; takie w\u0142a\u015bnie \u015bredniej wielko\u015bci miasta (Jena liczy 104 tys. mieszka\u0144c\u00f3w), najlepiej podczas porannego szczytu komunikacyjnego, p\u00f3\u017anym latem, gdy powietrze jest rze\u015bkie ale zaraz ostre, wschodz\u0105ce s\u0142o\u0144ce zacznie przygrzewa\u0107. Niechc\u0105cy trafi\u0142em akurat na pierwszy dzie\u0144 szko\u0142y, co spowodowa\u0142o jeszcze wi\u0119ksz\u0105 krz\u0105tanin\u0119 ludzi p\u0119dz\u0105cych w swoich kierunkach. To takie przyjemne uczucie, gdy o \u00f3smej ka\u017cdy si\u0119 gdzie\u015b spieszy, a ja mam wolne! Tego poranka spory ruch panowa\u0142 r\u00f3wnie\u017c na niebie. 2016-08-16<\/p>\n<\/div>\n","protected":false},"excerpt":{"rendered":"<p>Pierwszy rzut oka na Jen\u0119, tu\u017c po wyj\u015bciu z poci\u0105gu na przystanku Jena-Paradies. Bardzo lubi\u0119 &#8222;podgl\u0105da\u0107&#8221; takie w\u0142a\u015bnie \u015bredniej wielko\u015bci miasta (Jena liczy 104 tys. mieszka\u0144c\u00f3w), najlepiej podczas porannego szczytu komunikacyjnego, p\u00f3\u017anym latem, gdy powietrze jest rze\u015bkie ale zaraz ostre, wschodz\u0105ce s\u0142o\u0144ce zacznie przygrzewa\u0107. Niechc\u0105cy trafi\u0142em akurat na pierwszy dzie\u0144 szko\u0142y, co spowodowa\u0142o jeszcze wi\u0119ksz\u0105 [&hellip;]<\/p>\n","protected":false},"author":1,"featured_media":14418,"comment_status":"open","ping_status":"","sticky":false,"template":"","format":"standard","meta":{"footnotes":""},"categories":[125,3],"tags":[1263,1264,1266,23,176,237],"class_list":["post-14417","post","type-post","status-publish","format-standard","has-post-thumbnail","hentry","category-rok-2016","category-tramwaj","tag-2016-08-16","tag-jena","tag-jenah-jena","tag-niemcy","tag-rano","tag-solaris-tramino"],"_links":{"self":[{"href":"https:\/\/wgphoto.pl\/t\/index.php?rest_route=\/wp\/v2\/posts\/14417","targetHints":{"allow":["GET"]}}],"collection":[{"href":"https:\/\/wgphoto.pl\/t\/index.php?rest_route=\/wp\/v2\/posts"}],"about":[{"href":"https:\/\/wgphoto.pl\/t\/index.php?rest_route=\/wp\/v2\/types\/post"}],"author":[{"embeddable":true,"href":"https:\/\/wgphoto.pl\/t\/index.php?rest_route=\/wp\/v2\/users\/1"}],"replies":[{"embeddable":true,"href":"https:\/\/wgphoto.pl\/t\/index.php?rest_route=%2Fwp%2Fv2%2Fcomments&post=14417"}],"version-history":[{"count":1,"href":"https:\/\/wgphoto.pl\/t\/index.php?rest_route=\/wp\/v2\/posts\/14417\/revisions"}],"predecessor-version":[{"id":14419,"href":"https:\/\/wgphoto.pl\/t\/index.php?rest_route=\/wp\/v2\/posts\/14417\/revisions\/14419"}],"wp:featuredmedia":[{"embeddable":true,"href":"https:\/\/wgphoto.pl\/t\/index.php?rest_route=\/wp\/v2\/media\/14418"}],"wp:attachment":[{"href":"https:\/\/wgphoto.pl\/t\/index.php?rest_route=%2Fwp%2Fv2%2Fmedia&parent=14417"}],"wp:term":[{"taxonomy":"category","embeddable":true,"href":"https:\/\/wgphoto.pl\/t\/index.php?rest_route=%2Fwp%2Fv2%2Fcategories&post=14417"},{"taxonomy":"post_tag","embeddable":true,"href":"https:\/\/wgphoto.pl\/t\/index.php?rest_route=%2Fwp%2Fv2%2Ftags&post=14417"}],"curies":[{"name":"wp","href":"https:\/\/api.w.org\/{rel}","templated":true}]}}