{"id":14420,"date":"2025-03-09T23:13:43","date_gmt":"2025-03-09T22:13:43","guid":{"rendered":"https:\/\/wgphoto.pl\/t\/?p=14420"},"modified":"2025-03-09T23:13:43","modified_gmt":"2025-03-09T22:13:43","slug":"wesolych-swiat-2","status":"publish","type":"post","link":"https:\/\/wgphoto.pl\/t\/?p=14420","title":{"rendered":"Weso\u0142ych \u015awi\u0105t!"},"content":{"rendered":"\n<figure class=\"wp-block-image aligncenter size-full\"><img loading=\"lazy\" decoding=\"async\" width=\"1300\" height=\"861\" src=\"https:\/\/wgphoto.pl\/t\/wp-content\/uploads\/2025\/03\/IMGP8828.jpg\" alt=\"\" class=\"wp-image-14421\" srcset=\"https:\/\/wgphoto.pl\/t\/wp-content\/uploads\/2025\/03\/IMGP8828.jpg 1300w, https:\/\/wgphoto.pl\/t\/wp-content\/uploads\/2025\/03\/IMGP8828-300x199.jpg 300w, https:\/\/wgphoto.pl\/t\/wp-content\/uploads\/2025\/03\/IMGP8828-768x509.jpg 768w\" sizes=\"auto, (max-width: 1300px) 100vw, 1300px\" \/><\/figure>\n\n\n\n<div class=\"wp-block-group has-global-padding is-layout-constrained wp-block-group-is-layout-constrained\">\n<p>Tegoroczne [2016] \u015bwi\u0105teczne foto b\u0119dzie z G\u00f6rlitz. Owszem &#8211; taki temat ju\u017c si\u0119 tu kiedy\u015b pojawi\u0142, ale jest imho bardzo wdzi\u0119czny. Zreszt\u0105 i tak nie mam innych. \ud83d\ude09<br>Na zdj\u0119ciu widoczny jest fragment Berliner Stra\u00dfe, kt\u00f3ry kiedy\u015b by\u0142 deptakiem, a p\u00f3\u017aniej wymar\u0142ym deptakiem, wi\u0119c paradoksalnie aby go odrobin\u0119 o\u017cywi\u0107 ponownie wpuszczono tu samochody, ale tym razem na zasadzie ruchu mocno uspokojonego. 2016-12-20<\/p>\n<\/div>\n","protected":false},"excerpt":{"rendered":"<p>Tegoroczne [2016] \u015bwi\u0105teczne foto b\u0119dzie z G\u00f6rlitz. Owszem &#8211; taki temat ju\u017c si\u0119 tu kiedy\u015b pojawi\u0142, ale jest imho bardzo wdzi\u0119czny. Zreszt\u0105 i tak nie mam innych. \ud83d\ude09Na zdj\u0119ciu widoczny jest fragment Berliner Stra\u00dfe, kt\u00f3ry kiedy\u015b by\u0142 deptakiem, a p\u00f3\u017aniej wymar\u0142ym deptakiem, wi\u0119c paradoksalnie aby go odrobin\u0119 o\u017cywi\u0107 ponownie wpuszczono tu samochody, ale tym razem [&hellip;]<\/p>\n","protected":false},"author":1,"featured_media":14421,"comment_status":"open","ping_status":"","sticky":false,"template":"","format":"standard","meta":{"footnotes":""},"categories":[125,3],"tags":[2318,31,23,143,1491,33,129],"class_list":["post-14420","post","type-post","status-publish","format-standard","has-post-thumbnail","hentry","category-rok-2016","category-tramwaj","tag-2016-12-20","tag-gorlitz","tag-niemcy","tag-ponad-30m","tag-swiateczne-akcenty","tag-tatra-kt4","tag-vgg-gorlitz"],"_links":{"self":[{"href":"https:\/\/wgphoto.pl\/t\/index.php?rest_route=\/wp\/v2\/posts\/14420","targetHints":{"allow":["GET"]}}],"collection":[{"href":"https:\/\/wgphoto.pl\/t\/index.php?rest_route=\/wp\/v2\/posts"}],"about":[{"href":"https:\/\/wgphoto.pl\/t\/index.php?rest_route=\/wp\/v2\/types\/post"}],"author":[{"embeddable":true,"href":"https:\/\/wgphoto.pl\/t\/index.php?rest_route=\/wp\/v2\/users\/1"}],"replies":[{"embeddable":true,"href":"https:\/\/wgphoto.pl\/t\/index.php?rest_route=%2Fwp%2Fv2%2Fcomments&post=14420"}],"version-history":[{"count":1,"href":"https:\/\/wgphoto.pl\/t\/index.php?rest_route=\/wp\/v2\/posts\/14420\/revisions"}],"predecessor-version":[{"id":14422,"href":"https:\/\/wgphoto.pl\/t\/index.php?rest_route=\/wp\/v2\/posts\/14420\/revisions\/14422"}],"wp:featuredmedia":[{"embeddable":true,"href":"https:\/\/wgphoto.pl\/t\/index.php?rest_route=\/wp\/v2\/media\/14421"}],"wp:attachment":[{"href":"https:\/\/wgphoto.pl\/t\/index.php?rest_route=%2Fwp%2Fv2%2Fmedia&parent=14420"}],"wp:term":[{"taxonomy":"category","embeddable":true,"href":"https:\/\/wgphoto.pl\/t\/index.php?rest_route=%2Fwp%2Fv2%2Fcategories&post=14420"},{"taxonomy":"post_tag","embeddable":true,"href":"https:\/\/wgphoto.pl\/t\/index.php?rest_route=%2Fwp%2Fv2%2Ftags&post=14420"}],"curies":[{"name":"wp","href":"https:\/\/api.w.org\/{rel}","templated":true}]}}