{"id":14426,"date":"2025-03-09T23:15:49","date_gmt":"2025-03-09T22:15:49","guid":{"rendered":"https:\/\/wgphoto.pl\/t\/?p=14426"},"modified":"2025-03-09T23:15:49","modified_gmt":"2025-03-09T22:15:49","slug":"w-dzien","status":"publish","type":"post","link":"https:\/\/wgphoto.pl\/t\/?p=14426","title":{"rendered":"W dzie\u0144"},"content":{"rendered":"\n<figure class=\"wp-block-image aligncenter size-full\"><img loading=\"lazy\" decoding=\"async\" width=\"1200\" height=\"795\" src=\"https:\/\/wgphoto.pl\/t\/wp-content\/uploads\/2025\/03\/IMGP8846.jpg\" alt=\"\" class=\"wp-image-14427\" srcset=\"https:\/\/wgphoto.pl\/t\/wp-content\/uploads\/2025\/03\/IMGP8846.jpg 1200w, https:\/\/wgphoto.pl\/t\/wp-content\/uploads\/2025\/03\/IMGP8846-300x199.jpg 300w, https:\/\/wgphoto.pl\/t\/wp-content\/uploads\/2025\/03\/IMGP8846-768x509.jpg 768w\" sizes=\"auto, (max-width: 1200px) 100vw, 1200px\" \/><\/figure>\n\n\n\n<div class=\"wp-block-group has-global-padding is-layout-constrained wp-block-group-is-layout-constrained\">\n<p>Jarmark bo\u017conarodzeniowy zosta\u0142 ju\u017c par\u0119 dni wcze\u015bniej zamkni\u0119ty, na ulicach w centrum pozosta\u0142y jedynie pojedyncze budki z pieczon\u0105 kie\u0142bas\u0105 i grza\u0144cem, takie jak widoczna po lewej. 2016-12-20<\/p>\n<\/div>\n","protected":false},"excerpt":{"rendered":"<p>Jarmark bo\u017conarodzeniowy zosta\u0142 ju\u017c par\u0119 dni wcze\u015bniej zamkni\u0119ty, na ulicach w centrum pozosta\u0142y jedynie pojedyncze budki z pieczon\u0105 kie\u0142bas\u0105 i grza\u0144cem, takie jak widoczna po lewej. 2016-12-20<\/p>\n","protected":false},"author":1,"featured_media":14427,"comment_status":"open","ping_status":"","sticky":false,"template":"","format":"standard","meta":{"footnotes":""},"categories":[125,3],"tags":[2318,34,239,31,23,1491,33,129],"class_list":["post-14426","post","type-post","status-publish","format-standard","has-post-thumbnail","hentry","category-rok-2016","category-tramwaj","tag-2016-12-20","tag-architektura","tag-deptak","tag-gorlitz","tag-niemcy","tag-swiateczne-akcenty","tag-tatra-kt4","tag-vgg-gorlitz"],"_links":{"self":[{"href":"https:\/\/wgphoto.pl\/t\/index.php?rest_route=\/wp\/v2\/posts\/14426","targetHints":{"allow":["GET"]}}],"collection":[{"href":"https:\/\/wgphoto.pl\/t\/index.php?rest_route=\/wp\/v2\/posts"}],"about":[{"href":"https:\/\/wgphoto.pl\/t\/index.php?rest_route=\/wp\/v2\/types\/post"}],"author":[{"embeddable":true,"href":"https:\/\/wgphoto.pl\/t\/index.php?rest_route=\/wp\/v2\/users\/1"}],"replies":[{"embeddable":true,"href":"https:\/\/wgphoto.pl\/t\/index.php?rest_route=%2Fwp%2Fv2%2Fcomments&post=14426"}],"version-history":[{"count":1,"href":"https:\/\/wgphoto.pl\/t\/index.php?rest_route=\/wp\/v2\/posts\/14426\/revisions"}],"predecessor-version":[{"id":14428,"href":"https:\/\/wgphoto.pl\/t\/index.php?rest_route=\/wp\/v2\/posts\/14426\/revisions\/14428"}],"wp:featuredmedia":[{"embeddable":true,"href":"https:\/\/wgphoto.pl\/t\/index.php?rest_route=\/wp\/v2\/media\/14427"}],"wp:attachment":[{"href":"https:\/\/wgphoto.pl\/t\/index.php?rest_route=%2Fwp%2Fv2%2Fmedia&parent=14426"}],"wp:term":[{"taxonomy":"category","embeddable":true,"href":"https:\/\/wgphoto.pl\/t\/index.php?rest_route=%2Fwp%2Fv2%2Fcategories&post=14426"},{"taxonomy":"post_tag","embeddable":true,"href":"https:\/\/wgphoto.pl\/t\/index.php?rest_route=%2Fwp%2Fv2%2Ftags&post=14426"}],"curies":[{"name":"wp","href":"https:\/\/api.w.org\/{rel}","templated":true}]}}