{"id":14435,"date":"2025-03-10T19:29:34","date_gmt":"2025-03-10T18:29:34","guid":{"rendered":"https:\/\/wgphoto.pl\/t\/?p=14435"},"modified":"2025-03-10T19:29:34","modified_gmt":"2025-03-10T18:29:34","slug":"po-prostu-kibel","status":"publish","type":"post","link":"https:\/\/wgphoto.pl\/t\/?p=14435","title":{"rendered":"Po prostu kibel"},"content":{"rendered":"\n<figure class=\"wp-block-image aligncenter size-full\"><img loading=\"lazy\" decoding=\"async\" width=\"1050\" height=\"700\" src=\"https:\/\/wgphoto.pl\/t\/wp-content\/uploads\/2025\/03\/IMGP9830.jpg\" alt=\"\" class=\"wp-image-14437\" srcset=\"https:\/\/wgphoto.pl\/t\/wp-content\/uploads\/2025\/03\/IMGP9830.jpg 1050w, https:\/\/wgphoto.pl\/t\/wp-content\/uploads\/2025\/03\/IMGP9830-300x200.jpg 300w, https:\/\/wgphoto.pl\/t\/wp-content\/uploads\/2025\/03\/IMGP9830-768x512.jpg 768w\" sizes=\"auto, (max-width: 1050px) 100vw, 1050px\" \/><\/figure>\n\n\n\n<div class=\"wp-block-group has-global-padding is-layout-constrained wp-block-group-is-layout-constrained\">\n<p>Bli\u017cej niezidentyfikowany poci\u0105g obs\u0142ugiwany bli\u017cej niezidentyfikowanym kiblem, posiadaj\u0105cym barwy maskuj\u0105ce, przeprawia si\u0119 przez Parnic\u0119 by zaraz osi\u0105gn\u0105\u0107 perony stacji Szczecin Port Centralny. 10.03.2011<\/p>\n<\/div>\n","protected":false},"excerpt":{"rendered":"<p>Bli\u017cej niezidentyfikowany poci\u0105g obs\u0142ugiwany bli\u017cej niezidentyfikowanym kiblem, posiadaj\u0105cym barwy maskuj\u0105ce, przeprawia si\u0119 przez Parnic\u0119 by zaraz osi\u0105gn\u0105\u0107 perony stacji Szczecin Port Centralny. 10.03.2011<\/p>\n","protected":false},"author":1,"featured_media":14437,"comment_status":"open","ping_status":"","sticky":false,"template":"","format":"standard","meta":{"footnotes":""},"categories":[2,77],"tags":[304,132,45,63,27,301,3459,3460],"class_list":["post-14435","post","type-post","status-publish","format-standard","has-post-thumbnail","hentry","category-kolej","category-rok-2011","tag-2011-03-10","tag-en57","tag-most","tag-pkp","tag-polska","tag-szczecin","tag-szczecin-glowny","tag-szczecin-port-centralny"],"_links":{"self":[{"href":"https:\/\/wgphoto.pl\/t\/index.php?rest_route=\/wp\/v2\/posts\/14435","targetHints":{"allow":["GET"]}}],"collection":[{"href":"https:\/\/wgphoto.pl\/t\/index.php?rest_route=\/wp\/v2\/posts"}],"about":[{"href":"https:\/\/wgphoto.pl\/t\/index.php?rest_route=\/wp\/v2\/types\/post"}],"author":[{"embeddable":true,"href":"https:\/\/wgphoto.pl\/t\/index.php?rest_route=\/wp\/v2\/users\/1"}],"replies":[{"embeddable":true,"href":"https:\/\/wgphoto.pl\/t\/index.php?rest_route=%2Fwp%2Fv2%2Fcomments&post=14435"}],"version-history":[{"count":1,"href":"https:\/\/wgphoto.pl\/t\/index.php?rest_route=\/wp\/v2\/posts\/14435\/revisions"}],"predecessor-version":[{"id":14438,"href":"https:\/\/wgphoto.pl\/t\/index.php?rest_route=\/wp\/v2\/posts\/14435\/revisions\/14438"}],"wp:featuredmedia":[{"embeddable":true,"href":"https:\/\/wgphoto.pl\/t\/index.php?rest_route=\/wp\/v2\/media\/14437"}],"wp:attachment":[{"href":"https:\/\/wgphoto.pl\/t\/index.php?rest_route=%2Fwp%2Fv2%2Fmedia&parent=14435"}],"wp:term":[{"taxonomy":"category","embeddable":true,"href":"https:\/\/wgphoto.pl\/t\/index.php?rest_route=%2Fwp%2Fv2%2Fcategories&post=14435"},{"taxonomy":"post_tag","embeddable":true,"href":"https:\/\/wgphoto.pl\/t\/index.php?rest_route=%2Fwp%2Fv2%2Ftags&post=14435"}],"curies":[{"name":"wp","href":"https:\/\/api.w.org\/{rel}","templated":true}]}}